{"id":40087,"date":"2025-09-11T05:12:35","date_gmt":"2025-09-11T03:12:35","guid":{"rendered":"https:\/\/www.lintelligentdabidjan.info\/news\/?p=40087"},"modified":"2025-09-11T05:12:53","modified_gmt":"2025-09-11T03:12:53","slug":"lintelligent-en-pdf-cote-divoire-engagement-reaffirme-contre-le-travail-des-enfants","status":"publish","type":"post","link":"https:\/\/www.lintelligentdabidjan.info\/news\/lintelligent-en-pdf-cote-divoire-engagement-reaffirme-contre-le-travail-des-enfants\/","title":{"rendered":"L&#8217;Intelligent en PDF:  C\u00f4te d\u2019Ivoire  Engagement r\u00e9affirm\u00e9  contre le travail des enfants"},"content":{"rendered":"<p><strong>La C\u00f4te d\u2019Ivoire, \u00e0 l\u2019instar des autres pays, a c\u00e9l\u00e9br\u00e9 le mercredi 10 septembre 2025 \u00e0 Abidjan-Cocody, la 24\u1d49 Journ\u00e9e mondiale de lutte contre le travail des enfants. \u00c0 cette occasion, Dominique Ouattara et Adama Kamara ont r\u00e9affirm\u00e9 leur engagement dans la lutte contre le travail des enfants. Qu&#8217;est ce qu&#8217;ils ont dit? <\/strong><\/p>\n<p>Article \u00e0 d\u00e9couvrir en ligne sur&#8230;<\/p>\n<p><a href=\"https:\/\/news.abidjan.net\/titrologie\/39-lintelligent-dabidjan\/articles\" target=\"_blank\" rel=\"noopener\">https:\/\/news.abidjan.net\/titrologie\/39-lintelligent-dabidjan\/articles<\/a><\/p>\n<p>\u00c0 lire \u00e9galement l\u2019excellence des relations C\u00f4te d\u2019Ivoire-UNFPA salu\u00e9e, Ce que Sidi Tour\u00e9 a dit dans le Gb\u00eak\u00ea concernant la pr\u00e9sidentielle 2025, un protocole d\u2019accord sign\u00e9 entre les Chambres de commerce de la C\u00f4te d\u2019Ivoire-et de la Turquie, la mise en garde d&#8217;Adjoumani depuis Guiend\u00e9.<\/p>\n<p>Cliquez pour les d\u00e9tails<\/p>\n<p><a href=\"https:\/\/www.afrikipresse.fr\/abonnement\" target=\"_blank\" rel=\"noopener\">https:\/\/www.afrikipresse.fr\/abonnement<\/a><\/p>\n<p>\u00c0 voir aussi pourquoi l\u2019\u00e9lectricit\u00e9 a fait d\u00e9faut lors du Match de football B\u00e9nin-Lesotho.<\/p>\n<p><a href=\"https:\/\/www.pressecotedivoire.fr\/titrologie\" target=\"_blank\" rel=\"noopener\">https:\/\/www.pressecotedivoire.fr\/titrologie<\/a><\/p>\n<p>&nbsp;<\/p>\n","protected":false},"excerpt":{"rendered":"<p>La C\u00f4te d\u2019Ivoire, \u00e0 l\u2019instar des autres pays, a c\u00e9l\u00e9br\u00e9 le mercredi 10 septembre 2025 \u00e0 Abidjan-Cocody, la 24\u1d49 Journ\u00e9e mondiale de lutte contre le travail des enfants. \u00c0 cette occasion, Dominique Ouattara et Adama Kamara ont r\u00e9affirm\u00e9 leur engagement dans la lutte contre le travail des enfants. Qu&#8217;est ce qu&#8217;ils ont dit? Article \u00e0 [&hellip;]<\/p>\n","protected":false},"author":4,"featured_media":40088,"comment_status":"closed","ping_status":"closed","sticky":false,"template":"","format":"standard","meta":{"_monsterinsights_skip_tracking":false,"_monsterinsights_sitenote_active":false,"_monsterinsights_sitenote_note":"","_monsterinsights_sitenote_category":0,"footnotes":""},"categories":[2,3],"tags":[],"class_list":["post-40087","post","type-post","status-publish","format-standard","has-post-thumbnail","hentry","category-featured","category-societe"],"_links":{"self":[{"href":"https:\/\/www.lintelligentdabidjan.info\/news\/wp-json\/wp\/v2\/posts\/40087","targetHints":{"allow":["GET"]}}],"collection":[{"href":"https:\/\/www.lintelligentdabidjan.info\/news\/wp-json\/wp\/v2\/posts"}],"about":[{"href":"https:\/\/www.lintelligentdabidjan.info\/news\/wp-json\/wp\/v2\/types\/post"}],"author":[{"embeddable":true,"href":"https:\/\/www.lintelligentdabidjan.info\/news\/wp-json\/wp\/v2\/users\/4"}],"replies":[{"embeddable":true,"href":"https:\/\/www.lintelligentdabidjan.info\/news\/wp-json\/wp\/v2\/comments?post=40087"}],"version-history":[{"count":1,"href":"https:\/\/www.lintelligentdabidjan.info\/news\/wp-json\/wp\/v2\/posts\/40087\/revisions"}],"predecessor-version":[{"id":40089,"href":"https:\/\/www.lintelligentdabidjan.info\/news\/wp-json\/wp\/v2\/posts\/40087\/revisions\/40089"}],"wp:featuredmedia":[{"embeddable":true,"href":"https:\/\/www.lintelligentdabidjan.info\/news\/wp-json\/wp\/v2\/media\/40088"}],"wp:attachment":[{"href":"https:\/\/www.lintelligentdabidjan.info\/news\/wp-json\/wp\/v2\/media?parent=40087"}],"wp:term":[{"taxonomy":"category","embeddable":true,"href":"https:\/\/www.lintelligentdabidjan.info\/news\/wp-json\/wp\/v2\/categories?post=40087"},{"taxonomy":"post_tag","embeddable":true,"href":"https:\/\/www.lintelligentdabidjan.info\/news\/wp-json\/wp\/v2\/tags?post=40087"}],"curies":[{"name":"wp","href":"https:\/\/api.w.org\/{rel}","templated":true}]}}