{"id":40140,"date":"2025-09-12T02:44:41","date_gmt":"2025-09-12T00:44:41","guid":{"rendered":"https:\/\/www.lintelligentdabidjan.info\/news\/?p=40140"},"modified":"2025-09-12T02:53:48","modified_gmt":"2025-09-12T00:53:48","slug":"protection-de-la-petite-enfance-un-programme-elargi-de-vaccination-lance","status":"publish","type":"post","link":"https:\/\/www.lintelligentdabidjan.info\/news\/protection-de-la-petite-enfance-un-programme-elargi-de-vaccination-lance\/","title":{"rendered":"Protection de la petite enfance-  Un programme \u00e9largi de vaccination lanc\u00e9"},"content":{"rendered":"<p><em><strong>En marge de la finale du tournoi de football d\u00e9nomm\u00e9 \u00ab Foot pour la Sant\u00e9 des Enfants \u00bb, une initiative de l\u2019Unicef, en collaboration avec le minist\u00e8re de la Sant\u00e9, de l\u2019Hygi\u00e8ne Publique et de la Couverture maladie universelle, s\u2019est tenu le lancement des activit\u00e9s de communication et de mobilisation sociale en faveur de l\u2019intensification de la vaccination, le mercredi 10 septembre 2025 \u00e0 l\u2019Agora d\u2019Abidjan-Abobo.<br \/>\n<\/strong><\/em><\/p>\n<p>Le tournoi de football d\u00e9nomm\u00e9 \u00ab Foot pour la Sant\u00e9 des Enfants \u00bb est une initiative de l\u2019Unicef, en collaboration avec le minist\u00e8re de la Sant\u00e9, de l\u2019Hygi\u00e8ne Publique et de la Couverture maladie universelle et la fondation S\u00e9bastien haller, qui associe passion sportive et sensibilisation \u00e0 la vaccination. \u00c0 cette occasion, Jean-Fran\u00e7ois Basse, repr\u00e9sentant r\u00e9sident de l\u2019Unicef en C\u00f4te d\u2019Ivoire, a salu\u00e9 les efforts du gouvernement pour pr\u00e9venir les maladies \u00e9vitables chez les enfants. Il a partag\u00e9 des statistiques encourageantes concernant la vaccination contre le paludisme et le cancer du col de l\u2019ut\u00e9rus. \u00ab Les derni\u00e8res statistiques montrent que la vaccination a un impact positif ici en C\u00f4te d&#8217;Ivoire. Nous sommes heureux de constater que 80 % des filles de 9 \u00e0 14 ans sont aujourd&#8217;hui vaccin\u00e9es contre le HPV (Le papillomavirus humain), ce qui leur permet d&#8217;\u00eatre pr\u00e9venues du cancer du col de l&#8217;ut\u00e9rus. Ensemble, continuons les efforts pour faire en sorte que chaque fille, chaque gar\u00e7on en C\u00f4te d&#8217;ivoire puisse \u00eatre prot\u00e9g\u00e9 et grandir en bonne sant\u00e9\u00bb, a-t-il d\u00e9clar\u00e9. L&#8217;international Ivoirien S\u00e9bastien Haller, pr\u00e9sident de la fondation qui porte son nom, a soulign\u00e9 que la vaccination est un acte d&#8217;amour et de responsabilit\u00e9 envers les enfants, les familles et les communaut\u00e9s. Il a annonc\u00e9 une campagne ax\u00e9e sur trois grands axes. Il s\u2019agit de la lutte contre le paludisme, la pr\u00e9vention du cancer du col de l&#8217;ut\u00e9rus et l&#8217;\u00e9radication de la poliomy\u00e9lite. Haller a exprim\u00e9 sa conviction que la vaccination peut changer la r\u00e9alit\u00e9 des jeunes filles et a appel\u00e9 \u00e0 l&#8217;action collective. \u00ab Ensemble, faisons de ce pays un lieu o\u00f9 chaque enfant peut grandir en bonne sant\u00e9, aller \u00e0 l&#8217;\u00e9cole et r\u00e9aliser ses r\u00eaves \u00bb, a-t-il affirm\u00e9. Kandia Camara, maire d\u2019Abobo et pr\u00e9sidente du S\u00e9nat, a \u00e9galement salu\u00e9 cette initiative, soulignant son importance pour la sant\u00e9 publique. Elle a d\u00e9clar\u00e9 qu\u2019organiser des s\u00e9ances de vaccination pour les populations, c&#8217;est leur offrir la possibilit\u00e9 d&#8217;\u00eatre en bonne sant\u00e9.<\/p>\n<p>Dr Brou Raymond, directeur de coordination du programme \u00c9largi de Vaccination (Dc-Pev), a mis en lumi\u00e8re les d\u00e9fis actuels. Selon lui, un rapport de 2025 du Dc-Pev a indiqu\u00e9 que 70 % des enfants atteints de la rougeole sont \u00e2g\u00e9s de 1 \u00e0 9 ans, et 80 % d&#8217;entre eux ne sont pas vaccin\u00e9s ou ont un statut vaccinal inconnu. Il a appel\u00e9 \u00e0 intensifier la vaccination pour r\u00e9duire la vuln\u00e9rabilit\u00e9 des enfants. Il a soulign\u00e9 que la campagne permettra de vacciner plus d\u2019un million d&#8217;enfants durant la p\u00e9riode de rentr\u00e9e scolaire.<\/p>\n<p>Cette campagne de vaccination se d\u00e9roulera dans les 113 districts sanitaires du pays, du 29 septembre au 05 octobre 2025, marquant un engagement fort pour la sant\u00e9 des enfants en C\u00f4te d\u2019Ivoire.<\/p>\n<p><strong>Olivier Dion avec A. Traor\u00e9<\/strong><\/p>\n","protected":false},"excerpt":{"rendered":"<p>En marge de la finale du tournoi de football d\u00e9nomm\u00e9 \u00ab Foot pour la Sant\u00e9 des Enfants \u00bb, une initiative de l\u2019Unicef, en collaboration avec le minist\u00e8re de la Sant\u00e9, de l\u2019Hygi\u00e8ne Publique et de la Couverture maladie universelle, s\u2019est tenu le lancement des activit\u00e9s de communication et de mobilisation sociale en faveur de l\u2019intensification [&hellip;]<\/p>\n","protected":false},"author":4,"featured_media":40148,"comment_status":"closed","ping_status":"closed","sticky":false,"template":"","format":"standard","meta":{"_monsterinsights_skip_tracking":false,"_monsterinsights_sitenote_active":false,"_monsterinsights_sitenote_note":"","_monsterinsights_sitenote_category":0,"footnotes":""},"categories":[2,3],"tags":[2918,6135,5635],"class_list":["post-40140","post","type-post","status-publish","format-standard","has-post-thumbnail","hentry","category-featured","category-societe","tag-programme","tag-protection-de-la-petite-enfance","tag-vaccination"],"_links":{"self":[{"href":"https:\/\/www.lintelligentdabidjan.info\/news\/wp-json\/wp\/v2\/posts\/40140","targetHints":{"allow":["GET"]}}],"collection":[{"href":"https:\/\/www.lintelligentdabidjan.info\/news\/wp-json\/wp\/v2\/posts"}],"about":[{"href":"https:\/\/www.lintelligentdabidjan.info\/news\/wp-json\/wp\/v2\/types\/post"}],"author":[{"embeddable":true,"href":"https:\/\/www.lintelligentdabidjan.info\/news\/wp-json\/wp\/v2\/users\/4"}],"replies":[{"embeddable":true,"href":"https:\/\/www.lintelligentdabidjan.info\/news\/wp-json\/wp\/v2\/comments?post=40140"}],"version-history":[{"count":2,"href":"https:\/\/www.lintelligentdabidjan.info\/news\/wp-json\/wp\/v2\/posts\/40140\/revisions"}],"predecessor-version":[{"id":40149,"href":"https:\/\/www.lintelligentdabidjan.info\/news\/wp-json\/wp\/v2\/posts\/40140\/revisions\/40149"}],"wp:featuredmedia":[{"embeddable":true,"href":"https:\/\/www.lintelligentdabidjan.info\/news\/wp-json\/wp\/v2\/media\/40148"}],"wp:attachment":[{"href":"https:\/\/www.lintelligentdabidjan.info\/news\/wp-json\/wp\/v2\/media?parent=40140"}],"wp:term":[{"taxonomy":"category","embeddable":true,"href":"https:\/\/www.lintelligentdabidjan.info\/news\/wp-json\/wp\/v2\/categories?post=40140"},{"taxonomy":"post_tag","embeddable":true,"href":"https:\/\/www.lintelligentdabidjan.info\/news\/wp-json\/wp\/v2\/tags?post=40140"}],"curies":[{"name":"wp","href":"https:\/\/api.w.org\/{rel}","templated":true}]}}