{"id":40143,"date":"2025-09-12T02:52:49","date_gmt":"2025-09-12T00:52:49","guid":{"rendered":"https:\/\/www.lintelligentdabidjan.info\/news\/?p=40143"},"modified":"2025-09-12T02:52:56","modified_gmt":"2025-09-12T00:52:56","slug":"lintelligent-en-pdf-abidjan-revelations-sur-les-75-ans-du-port-autonome","status":"publish","type":"post","link":"https:\/\/www.lintelligentdabidjan.info\/news\/lintelligent-en-pdf-abidjan-revelations-sur-les-75-ans-du-port-autonome\/","title":{"rendered":"L\u2019Intelligent en PDF :   Abidjan  R\u00e9v\u00e9lations sur les 75 ans du Port autonome"},"content":{"rendered":"<p><strong>La c\u00e9r\u00e9monie d\u2019ouverture des 75 ans du Port autonome d\u2019Abidjan s\u2019est tenue le jeudi 11 septembre 2025, au terminal c\u00e9r\u00e9alier du port en pr\u00e9sence de plusieurs autorit\u00e9s, dont le Premier ministre Robert Beugr\u00e9 Mamb\u00e9, repr\u00e9sentant le Pr\u00e9sident Alassane Ouattara, le ministre des Transports Amadou Kon\u00e9 et le directeur g\u00e9n\u00e9ral du Port Hien Si\u00e9 Yacouba. Les grandes \u00e9tapes de l\u2019histoire du port, ses performances r\u00e9centes et ses perspectives d\u2019avenir ont \u00e9t\u00e9 d\u00e9voil\u00e9es. Quelles sont les r\u00e9v\u00e9lations faites sur les 75 ans du Port autonome d\u2019Abidjan ?<\/strong><\/p>\n<p>Article \u00e0 d\u00e9couvrir dans vos kiosques et en ligne sur\u2026<\/p>\n<p><a href=\"https:\/\/news.abidjan.net\/titrologie\/39-lintelligent-dabidjan\/articles\" target=\"_blank\" rel=\"noopener\">https:\/\/news.abidjan.net\/titrologie\/39-lintelligent-dabidjan\/articles<\/a><\/p>\n<p>\u00c0 lire aussi le ralliement de Linda Diplo au RHDP, Le Tout sauf un autre mandat pour Ouattara et le Rhdp en marche ?, Des communaut\u00e9s de Toumodi mobilis\u00e9es pour Ouattara<\/p>\n<p>sous la houlette de Dr Raymonde Goudou Coffie, Rentr\u00e9e solennelle de Benfica Campus C\u00f4te d\u2019Ivoire avec 140 retenus sur 20000 candidats.<\/p>\n<p>Cliquez pour les d\u00e9tails<\/p>\n<p><a href=\"https:\/\/www.afrikipresse.fr\/abonnement\" target=\"_blank\" rel=\"noopener\">https:\/\/www.afrikipresse.fr\/abonnement<\/a><\/p>\n<p>\u00c0 voir \u00e9galement D\u00e9ma 3 acc\u00e8de \u00e0 l\u2019eau potable dans le Haut-Sassandra.<\/p>\n<p><a href=\"https:\/\/www.pressecotedivoire.fr\/titrologie\" target=\"_blank\" rel=\"noopener\">https:\/\/www.pressecotedivoire.fr\/titrologie<\/a><\/p>\n<p>&nbsp;<\/p>\n","protected":false},"excerpt":{"rendered":"<p>La c\u00e9r\u00e9monie d\u2019ouverture des 75 ans du Port autonome d\u2019Abidjan s\u2019est tenue le jeudi 11 septembre 2025, au terminal c\u00e9r\u00e9alier du port en pr\u00e9sence de plusieurs autorit\u00e9s, dont le Premier ministre Robert Beugr\u00e9 Mamb\u00e9, repr\u00e9sentant le Pr\u00e9sident Alassane Ouattara, le ministre des Transports Amadou Kon\u00e9 et le directeur g\u00e9n\u00e9ral du Port Hien Si\u00e9 Yacouba. Les [&hellip;]<\/p>\n","protected":false},"author":4,"featured_media":40145,"comment_status":"closed","ping_status":"closed","sticky":false,"template":"","format":"standard","meta":{"_monsterinsights_skip_tracking":false,"_monsterinsights_sitenote_active":false,"_monsterinsights_sitenote_note":"","_monsterinsights_sitenote_category":0,"footnotes":""},"categories":[2,3],"tags":[],"class_list":["post-40143","post","type-post","status-publish","format-standard","has-post-thumbnail","hentry","category-featured","category-societe"],"_links":{"self":[{"href":"https:\/\/www.lintelligentdabidjan.info\/news\/wp-json\/wp\/v2\/posts\/40143","targetHints":{"allow":["GET"]}}],"collection":[{"href":"https:\/\/www.lintelligentdabidjan.info\/news\/wp-json\/wp\/v2\/posts"}],"about":[{"href":"https:\/\/www.lintelligentdabidjan.info\/news\/wp-json\/wp\/v2\/types\/post"}],"author":[{"embeddable":true,"href":"https:\/\/www.lintelligentdabidjan.info\/news\/wp-json\/wp\/v2\/users\/4"}],"replies":[{"embeddable":true,"href":"https:\/\/www.lintelligentdabidjan.info\/news\/wp-json\/wp\/v2\/comments?post=40143"}],"version-history":[{"count":1,"href":"https:\/\/www.lintelligentdabidjan.info\/news\/wp-json\/wp\/v2\/posts\/40143\/revisions"}],"predecessor-version":[{"id":40146,"href":"https:\/\/www.lintelligentdabidjan.info\/news\/wp-json\/wp\/v2\/posts\/40143\/revisions\/40146"}],"wp:featuredmedia":[{"embeddable":true,"href":"https:\/\/www.lintelligentdabidjan.info\/news\/wp-json\/wp\/v2\/media\/40145"}],"wp:attachment":[{"href":"https:\/\/www.lintelligentdabidjan.info\/news\/wp-json\/wp\/v2\/media?parent=40143"}],"wp:term":[{"taxonomy":"category","embeddable":true,"href":"https:\/\/www.lintelligentdabidjan.info\/news\/wp-json\/wp\/v2\/categories?post=40143"},{"taxonomy":"post_tag","embeddable":true,"href":"https:\/\/www.lintelligentdabidjan.info\/news\/wp-json\/wp\/v2\/tags?post=40143"}],"curies":[{"name":"wp","href":"https:\/\/api.w.org\/{rel}","templated":true}]}}