{"id":40167,"date":"2025-09-15T06:23:38","date_gmt":"2025-09-15T04:23:38","guid":{"rendered":"https:\/\/www.lintelligentdabidjan.info\/news\/?p=40167"},"modified":"2025-09-15T06:24:01","modified_gmt":"2025-09-15T04:24:01","slug":"3e-edition-du-stage-dimmersion-des-beneficiaires-partagent-leurs-experiences","status":"publish","type":"post","link":"https:\/\/www.lintelligentdabidjan.info\/news\/3e-edition-du-stage-dimmersion-des-beneficiaires-partagent-leurs-experiences\/","title":{"rendered":"3e \u00e9dition du  stage d&#8217;immersion  &#8211;  Des b\u00e9n\u00e9ficiaires partagent leurs exp\u00e9riences"},"content":{"rendered":"<p><strong>Des b\u00e9n\u00e9ficiaires de la 3\u1d49 \u00e9dition du stage d\u2019immersion partagent leurs exp\u00e9riences. <\/strong><\/p>\n<p>La troisi\u00e8me \u00e9dition du programme de stage d\u2019immersion, port\u00e9 par le minist\u00e8re de la Promotion de la Jeunesse, de l\u2019Insertion professionnelle et du Service civique, a pris fin le samedi 13 septembre 2025. Les c\u00e9r\u00e9monies de cl\u00f4ture, organis\u00e9es simultan\u00e9ment dans plusieurs localit\u00e9s du pays, ont permis aux b\u00e9n\u00e9ficiaires de recevoir un certificat d\u2019attestation accompagn\u00e9 d\u2019une prime de 45 000 F CFA.<\/p>\n<p>Ces c\u00e9r\u00e9monies ont \u00e9galement mis en lumi\u00e8re l\u2019impact majeur du programme sur des milliers de jeunes Ivoiriens, \u00e2g\u00e9s de 16 \u00e0 40 ans et issus de l\u2019enseignement g\u00e9n\u00e9ral, technique et sup\u00e9rieur. Fix\u00e9 \u00e0 50 000 b\u00e9n\u00e9ficiaires, l\u2019objectif national traduit la volont\u00e9 de l\u2019\u00c9tat d\u2019investir durablement dans le capital humain pour b\u00e2tir l\u2019avenir de la nation.<\/p>\n<p>Les r\u00e9sultats des \u00e9ditions pr\u00e9c\u00e9dentes illustrent l\u2019efficacit\u00e9 de l\u2019initiative. Lanc\u00e9e en 2023, la premi\u00e8re \u00e9dition avait d\u00e9j\u00e0 d\u00e9pass\u00e9 ses objectifs en accueillant 11 190 jeunes pour une cible de 10 000. En 2024, le nombre de participants est pass\u00e9 \u00e0 20 233, confirmant ainsi la pertinence et l\u2019utilit\u00e9 du programme.<\/p>\n<p>Cette ann\u00e9e encore, l&#8217;impact a \u00e9t\u00e9 ressenti dans plusieurs r\u00e9gions du pays.<\/p>\n<p>Tonkpi et Bafing : 2700 jeunes ont \u00e9t\u00e9 impact\u00e9s, avec 76 stagiaires recevant leur attestation lors d&#8217;une c\u00e9r\u00e9monie symbolique \u00e0 Man.<\/p>\n<p>Konat\u00e9 Bakary, qui a fait son stage \u00e0 la mairie de Man, est reparti transform\u00e9. Il a non seulement ma\u00eetris\u00e9 les outils informatiques, mais il a surtout appris le sens des responsabilit\u00e9s et l&#8217;importance du service \u00e0 la communaut\u00e9. Pour lui, le stage a \u00e9t\u00e9 un catalyseur pour son d\u00e9veloppement personnel et professionnel.<\/p>\n<p>Ana\u00efs N\u2019guessan a tir\u00e9 une le\u00e7on de vie inestimable de son stage au centre socio-\u00e9ducatif. Elle a compris que seul le travail lib\u00e8re et que la pers\u00e9v\u00e9rance est la cl\u00e9 pour ma\u00eetriser les rudiments d&#8217;un m\u00e9tier. Son exp\u00e9rience est une preuve que le stage transmet des valeurs aussi importantes que les comp\u00e9tences techniques.<\/p>\n<p>L\u2019histoire de S\u00e9a Clarisse est la plus \u00e9loquente. Initialement sceptique, elle pensait que le stage \u00e9tait une perte de temps. Aujourd&#8217;hui, elle reconna\u00eet avoir beaucoup appris et salue ce programme, non pas pour le p\u00e9cule, mais pour le changement de perception qu&#8217;il a op\u00e9r\u00e9 en elle. Son cas d\u00e9montre que l&#8217;initiative a le pouvoir de changer les mentalit\u00e9s et d&#8217;inspirer la confiance.<\/p>\n<p>Ind\u00e9ni\u00e9-Djuablin : 1450 jeunes ont acquis des comp\u00e9tences essentielles et se sont familiaris\u00e9s avec le monde du travail.  Kouakouti\u00e9 Danielle, l&#8217;une des b\u00e9n\u00e9ficiaires et porte-parole de sa promotion, a partag\u00e9 son enthousiasme. \u00ab Ce programme est une chance concr\u00e8te pour la jeunesse, en particulier pour ceux qui n&#8217;ont pas encore eu l&#8217;opportunit\u00e9 d&#8217;acqu\u00e9rir une premi\u00e8re exp\u00e9rience professionnelle \u00bb, a-t-elle d\u00e9clar\u00e9<\/p>\n<p>Kabadougou : 1226 b\u00e9n\u00e9ficiaires des 5 d\u00e9partements de la r\u00e9gion ont pu vivre une exp\u00e9rience immersive unique.<\/p>\n<p>Sud-Como\u00e9 : 1505 jeunes ont pu se frotter aux r\u00e9alit\u00e9s de l&#8217;administration et de l&#8217;entreprise, renfor\u00e7ant leur sens des responsabilit\u00e9s.<\/p>\n<p>Des c\u00e9r\u00e9monies ont \u00e9galement eu lieu  dans l\u2019Agneby-Tiassa, dans la Bagou\u00e9, \u00e0 San P\u00e9dro, etc.<\/p>\n<p>Le programme de stage d\u2019immersion est bien plus qu&#8217;une simple opportunit\u00e9 de passer des vacances saines, comme l&#8217;ont soulign\u00e9 les jeunes eux-m\u00eames. C&#8217;est un v\u00e9ritable tremplin qui a permis aux participants de s\u2019approprier les codes et les valeurs du monde professionnel. Ils ont pu d\u00e9velopper non seulement des comp\u00e9tences techniques, mais aussi des aptitudes comportementales cruciales pour leur r\u00e9ussite future.<\/p>\n<p>Les jeunes b\u00e9n\u00e9ficiaires appellent d&#8217;ailleurs leurs pairs \u00e0 s&#8217;approprier cette initiative, la consid\u00e9rant comme une opportunit\u00e9 concr\u00e8te de b\u00e2tir leur avenir professionnel.<\/p>\n<p>Les parents et les autorit\u00e9s locales ont unanimement salu\u00e9 cette initiative gouvernementale, reconnaissant son r\u00f4le capital  dans l&#8217;insertion professionnelle et le d\u00e9veloppement personnel de la nouvelle g\u00e9n\u00e9ration. Ce programme est un investissement strat\u00e9gique dans l&#8217;avenir de la C\u00f4te d&#8217;Ivoire, garantissant que sa jeunesse est dot\u00e9e des comp\u00e9tences et de la confiance n\u00e9cessaires pour contribuer pleinement \u00e0 la prosp\u00e9rit\u00e9 du pays.<\/p>\n<p>En offrant une premi\u00e8re exp\u00e9rience significative, le programme de stage d&#8217;immersion r\u00e9duit l&#8217;\u00e9cart entre la th\u00e9orie acad\u00e9mique et la pratique professionnelle, pr\u00e9parant ainsi une main-d&#8217;\u0153uvre qualifi\u00e9e et motiv\u00e9e, pr\u00eate \u00e0 relever les d\u00e9fis de demain.<\/p>\n<p><strong> Mamadou Ouattara avec L. Abdul<\/strong><\/p>\n","protected":false},"excerpt":{"rendered":"<p>Des b\u00e9n\u00e9ficiaires de la 3\u1d49 \u00e9dition du stage d\u2019immersion partagent leurs exp\u00e9riences. La troisi\u00e8me \u00e9dition du programme de stage d\u2019immersion, port\u00e9 par le minist\u00e8re de la Promotion de la Jeunesse, de l\u2019Insertion professionnelle et du Service civique, a pris fin le samedi 13 septembre 2025. Les c\u00e9r\u00e9monies de cl\u00f4ture, organis\u00e9es simultan\u00e9ment dans plusieurs localit\u00e9s du [&hellip;]<\/p>\n","protected":false},"author":4,"featured_media":40168,"comment_status":"closed","ping_status":"closed","sticky":false,"template":"","format":"standard","meta":{"_monsterinsights_skip_tracking":false,"_monsterinsights_sitenote_active":false,"_monsterinsights_sitenote_note":"","_monsterinsights_sitenote_category":0,"footnotes":""},"categories":[2,3],"tags":[6142,6143,6144],"class_list":["post-40167","post","type-post","status-publish","format-standard","has-post-thumbnail","hentry","category-featured","category-societe","tag-3e-edition-du-stage-dimmersion","tag-des-beneficiaires","tag-experiences"],"_links":{"self":[{"href":"https:\/\/www.lintelligentdabidjan.info\/news\/wp-json\/wp\/v2\/posts\/40167","targetHints":{"allow":["GET"]}}],"collection":[{"href":"https:\/\/www.lintelligentdabidjan.info\/news\/wp-json\/wp\/v2\/posts"}],"about":[{"href":"https:\/\/www.lintelligentdabidjan.info\/news\/wp-json\/wp\/v2\/types\/post"}],"author":[{"embeddable":true,"href":"https:\/\/www.lintelligentdabidjan.info\/news\/wp-json\/wp\/v2\/users\/4"}],"replies":[{"embeddable":true,"href":"https:\/\/www.lintelligentdabidjan.info\/news\/wp-json\/wp\/v2\/comments?post=40167"}],"version-history":[{"count":1,"href":"https:\/\/www.lintelligentdabidjan.info\/news\/wp-json\/wp\/v2\/posts\/40167\/revisions"}],"predecessor-version":[{"id":40169,"href":"https:\/\/www.lintelligentdabidjan.info\/news\/wp-json\/wp\/v2\/posts\/40167\/revisions\/40169"}],"wp:featuredmedia":[{"embeddable":true,"href":"https:\/\/www.lintelligentdabidjan.info\/news\/wp-json\/wp\/v2\/media\/40168"}],"wp:attachment":[{"href":"https:\/\/www.lintelligentdabidjan.info\/news\/wp-json\/wp\/v2\/media?parent=40167"}],"wp:term":[{"taxonomy":"category","embeddable":true,"href":"https:\/\/www.lintelligentdabidjan.info\/news\/wp-json\/wp\/v2\/categories?post=40167"},{"taxonomy":"post_tag","embeddable":true,"href":"https:\/\/www.lintelligentdabidjan.info\/news\/wp-json\/wp\/v2\/tags?post=40167"}],"curies":[{"name":"wp","href":"https:\/\/api.w.org\/{rel}","templated":true}]}}