{"id":40170,"date":"2025-09-15T06:26:41","date_gmt":"2025-09-15T04:26:41","guid":{"rendered":"https:\/\/www.lintelligentdabidjan.info\/news\/?p=40170"},"modified":"2025-09-15T06:27:07","modified_gmt":"2025-09-15T04:27:07","slug":"bouake-centre-du-service-civique-650-stagiaires-volontaires-sappretent-a-impacter-leurs-communautes","status":"publish","type":"post","link":"https:\/\/www.lintelligentdabidjan.info\/news\/bouake-centre-du-service-civique-650-stagiaires-volontaires-sappretent-a-impacter-leurs-communautes\/","title":{"rendered":"Bouak\u00e9 \u2013 Centre du service civique : 650 stagiaires volontaires s\u2019appr\u00eatent \u00e0 impacter leurs communaut\u00e9s"},"content":{"rendered":"<p><em><strong>Dans le cadre du Programme Jeunesse du Gouvernement, le minist\u00e8re de la Promotion de la Jeunesse, de l\u2019Insertion professionnelle et du Service civique, \u00e0 travers l\u2019Office du service civique national, a organis\u00e9 le vendredi 12 septembre 2025 la c\u00e9r\u00e9monie de sortie des 650 stagiaires volontaires issus des centres de Bouak\u00e9 1 et Tuo Fozi\u00e9.<\/strong><\/em><\/p>\n<p>Pr\u00e9sid\u00e9e par le ministre Mamadou Tour\u00e9, la c\u00e9r\u00e9monie s\u2019est tenue \u00e0 l\u2019esplanade du centre Tuo Fozi\u00e9 et a marqu\u00e9 la fin de six mois de formation intensive. Ces jeunes, compos\u00e9s de 150 filles et 500 gar\u00e7ons, entament d\u00e9sormais leur parcours d\u2019insertion socioprofessionnelle, forts des comp\u00e9tences acquises.<\/p>\n<p><strong>Encouragements du ministre<\/strong><\/p>\n<p>\u00c0 cette occasion, le ministre Mamadou Tour\u00e9 a exhort\u00e9 les stagiaires \u00e0 demeurer des mod\u00e8les de discipline, de responsabilit\u00e9 et d\u2019engagement citoyen :<\/p>\n<p>\u00ab Soyez disciplin\u00e9s, ponctuels, travailleurs et respectueux. Vous \u00eates d\u00e9sormais les symboles de ce que la r\u00e9silience et la volont\u00e9 peuvent produire de meilleur. \u00c0 l\u2019approche des prochaines \u00e9ch\u00e9ances \u00e9lectorales, je vous invite \u00e0 \u00eatre des vecteurs de paix et de coh\u00e9sion sociale. Refusez toute manipulation, rejetez la violence, dites non aux discours de haine. Soyez, par votre posture, des citoyens engag\u00e9s, des b\u00e2tisseurs de ponts, et non des creuseurs de foss\u00e9s \u00bb, a-t-il d\u00e9clar\u00e9.<\/p>\n<p>Le programme de formation, r\u00e9parti en deux phases \u2013 r\u00e9silience et apprentissage qualifiant \u2013 a permis aux stagiaires de se sp\u00e9cialiser dans divers domaines : b\u00e2timent et travaux publics, construction m\u00e9tallique, m\u00e9canique auto-moto-tricycle-v\u00e9lo, couture, esth\u00e9tique-coiffure, cuisine-p\u00e2tisserie, s\u00e9curit\u00e9, agriculture et \u00e9levage.<\/p>\n<p><strong>T\u00e9moignages des b\u00e9n\u00e9ficiaires<\/strong><\/p>\n<p>Au nom de leurs camarades, Kossonou Yao Samuel et Otto Fid\u00e8le Junior ont exprim\u00e9 leur gratitude pour cette opportunit\u00e9 de transformation. Le d\u00e9l\u00e9gu\u00e9 de la cohorte, N\u2019tapk\u00e9 Jean Marcelin, a soulign\u00e9 l\u2019impact positif du centre :<\/p>\n<p>\u00ab Pendant ces six mois de formation en internat, nous avons appris la discipline, le respect, la solidarit\u00e9, mais aussi l\u2019importance du travail et du civisme. Nous avons appris \u00e0 mieux nous comporter et \u00e0 acqu\u00e9rir un m\u00e9tier. En un mot, nous avons chang\u00e9, nous avons grandi \u00bb, a-t-il confi\u00e9.<\/p>\n<p>Poursuivant dans cette dynamique, le ministre a annonc\u00e9 l\u2019ouverture de trois nouveaux centres de service civique d\u2019ici la fin du mois de septembre 2025 \u00e0 Adzop\u00e9, Daloa et Korhogo, chacun avec une capacit\u00e9 annuelle de 1 000 jeunes. Par ailleurs, la construction de dix nouveaux centres de nouvelle g\u00e9n\u00e9ration sera lanc\u00e9e prochainement, avec une capacit\u00e9 totale de 10 000 jeunes form\u00e9s par an, pour un investissement global de 21,6 milliards de FCFA.<\/p>\n<p><strong>Nambac\u00e9r\u00e9 Jo\u00ebl <\/strong><\/p>\n","protected":false},"excerpt":{"rendered":"<p>Dans le cadre du Programme Jeunesse du Gouvernement, le minist\u00e8re de la Promotion de la Jeunesse, de l\u2019Insertion professionnelle et du Service civique, \u00e0 travers l\u2019Office du service civique national, a organis\u00e9 le vendredi 12 septembre 2025 la c\u00e9r\u00e9monie de sortie des 650 stagiaires volontaires issus des centres de Bouak\u00e9 1 et Tuo Fozi\u00e9. Pr\u00e9sid\u00e9e [&hellip;]<\/p>\n","protected":false},"author":4,"featured_media":40171,"comment_status":"closed","ping_status":"closed","sticky":false,"template":"","format":"standard","meta":{"_monsterinsights_skip_tracking":false,"_monsterinsights_sitenote_active":false,"_monsterinsights_sitenote_note":"","_monsterinsights_sitenote_category":0,"footnotes":""},"categories":[2,3],"tags":[125,6145,2201,6147,6146],"class_list":["post-40170","post","type-post","status-publish","format-standard","has-post-thumbnail","hentry","category-featured","category-societe","tag-bouake","tag-centre-du-service-civique","tag-communautes","tag-impacter","tag-stagiaires-volontaires"],"_links":{"self":[{"href":"https:\/\/www.lintelligentdabidjan.info\/news\/wp-json\/wp\/v2\/posts\/40170","targetHints":{"allow":["GET"]}}],"collection":[{"href":"https:\/\/www.lintelligentdabidjan.info\/news\/wp-json\/wp\/v2\/posts"}],"about":[{"href":"https:\/\/www.lintelligentdabidjan.info\/news\/wp-json\/wp\/v2\/types\/post"}],"author":[{"embeddable":true,"href":"https:\/\/www.lintelligentdabidjan.info\/news\/wp-json\/wp\/v2\/users\/4"}],"replies":[{"embeddable":true,"href":"https:\/\/www.lintelligentdabidjan.info\/news\/wp-json\/wp\/v2\/comments?post=40170"}],"version-history":[{"count":1,"href":"https:\/\/www.lintelligentdabidjan.info\/news\/wp-json\/wp\/v2\/posts\/40170\/revisions"}],"predecessor-version":[{"id":40172,"href":"https:\/\/www.lintelligentdabidjan.info\/news\/wp-json\/wp\/v2\/posts\/40170\/revisions\/40172"}],"wp:featuredmedia":[{"embeddable":true,"href":"https:\/\/www.lintelligentdabidjan.info\/news\/wp-json\/wp\/v2\/media\/40171"}],"wp:attachment":[{"href":"https:\/\/www.lintelligentdabidjan.info\/news\/wp-json\/wp\/v2\/media?parent=40170"}],"wp:term":[{"taxonomy":"category","embeddable":true,"href":"https:\/\/www.lintelligentdabidjan.info\/news\/wp-json\/wp\/v2\/categories?post=40170"},{"taxonomy":"post_tag","embeddable":true,"href":"https:\/\/www.lintelligentdabidjan.info\/news\/wp-json\/wp\/v2\/tags?post=40170"}],"curies":[{"name":"wp","href":"https:\/\/api.w.org\/{rel}","templated":true}]}}