{"id":40208,"date":"2025-09-17T06:45:06","date_gmt":"2025-09-17T04:45:06","guid":{"rendered":"https:\/\/www.lintelligentdabidjan.info\/news\/?p=40208"},"modified":"2025-09-17T06:45:28","modified_gmt":"2025-09-17T04:45:28","slug":"presidentielle-2025-les-benevoles-et-mediatrices-de-paix-en-action-pour-une-election-apaisee","status":"publish","type":"post","link":"https:\/\/www.lintelligentdabidjan.info\/news\/presidentielle-2025-les-benevoles-et-mediatrices-de-paix-en-action-pour-une-election-apaisee\/","title":{"rendered":"Pr\u00e9sidentielle 2025-   Les b\u00e9n\u00e9voles et m\u00e9diatrices de paix en action pour une \u00e9lection apais\u00e9e"},"content":{"rendered":"<p><em><strong>\u00c0 l\u2019approche de l\u2019\u00e9lection pr\u00e9sidentielle, le Gouvernement ivoirien multiplie les initiatives pour garantir un scrutin serein. <\/strong><\/em><\/p>\n<p>Dans ce cadre, la Ministre de la Coh\u00e9sion nationale, de la Solidarit\u00e9 et de la Lutte contre la Pauvret\u00e9, Myss Belmonde Dogo, accompagn\u00e9e du Ministre de la Promotion de la jeunesse, de l\u2019Insertion professionnelle et du Service civique  Mamadou Tour\u00e9 ainsi que  de la Pr\u00e9sidente du S\u00e9nat, Maire d\u2019Abobo, Kandia Camara, a effectu\u00e9, le lundi 15 septembre 2025, une visite de terrain \u00e0 Yopougon et \u00e0 Abobo. L\u2019objectif \u00e9tait de constater les activit\u00e9s men\u00e9es par les b\u00e9n\u00e9voles pour la paix et les m\u00e9diatrices de paix engag\u00e9s aupr\u00e8s des communaut\u00e9s.<\/p>\n<p>La visite a d\u00e9but\u00e9 \u00e0 Yopougon, au quartier Camp Militaire, o\u00f9 les autorit\u00e9s ont assist\u00e9 \u00e0 une campagne de sensibilisation de masse organis\u00e9e par les m\u00e9diatrices de paix sur le march\u00e9 et dans un espace public.<br \/>\nAwa Ba, pr\u00e9sidente des m\u00e9diatrices de paix locales, a soulign\u00e9 l\u2019importance de l\u2019implication des femmes :<\/p>\n<p>\u00ab La culture de la paix, c\u2019est aussi notre affaire. Les femmes ont un r\u00f4le essentiel dans le d\u00e9veloppement du pays \u00bb, a-t-elle affirm\u00e9.<\/p>\n<p>La Ministre Belmonde Dogo, saluant ces efforts, a f\u00e9licit\u00e9 leur engagement en faveur de la bonne conduite de l\u2019\u00e9lection pr\u00e9sidentielle :<\/p>\n<p>\u00ab Vous \u00eates des artisans de la coh\u00e9sion sociale. Le prix d\u2019excellence que vous avez re\u00e7u en est la preuve. L\u2019\u00e9lection apais\u00e9e que nous visons passe par l\u2019\u00e9ducation \u00e0 la non-violence et \u00e0 la tol\u00e9rance. \u00bb<\/p>\n<p>La d\u00e9l\u00e9gation a ensuite pris part \u00e0 une causerie avec les jeunes b\u00e9n\u00e9voles sur les valeurs de citoyennet\u00e9. Ce moment d\u2019\u00e9changes a permis d\u2019aborder les droits et devoirs des citoyens, mais aussi la lutte contre les d\u00e9rives li\u00e9es \u00e0 la libert\u00e9 d\u2019expression et les risques de manipulation en p\u00e9riode \u00e9lectorale.<\/p>\n<p><strong>Cap sur Abobo  <\/strong><\/p>\n<p>La seconde \u00e9tape s\u2019est d\u00e9roul\u00e9e \u00e0 Abobo, dans le quartier Sogephia. En pr\u00e9sence de Kandia Camara, Maire de la commune, les jeunes b\u00e9n\u00e9voles ont anim\u00e9 une rencontre interactive sur la paix et la coh\u00e9sion sociale.<\/p>\n<p>Kandia Camara a f\u00e9licit\u00e9 les communaut\u00e9s engag\u00e9es \u00ab Abobo ne sera plus le th\u00e9\u00e2tre de violences \u00e9lectorales. Nous nous engageons \u00e0 \u0153uvrer pour la paix et la s\u00e9curit\u00e9. \u00bb a-t-elle indiqu\u00e9<\/p>\n<p>La Ministre Belmonde Dogo, de son c\u00f4t\u00e9, a encourag\u00e9 les b\u00e9n\u00e9voles \u00e0 poursuivre leur mission \u00ab Entrez partout pour pr\u00eacher la paix. Faites d\u2019Abobo une commune paisible. \u00bb a-t-elle convi\u00e9<\/p>\n<p><strong>Inclusion et sensibilisation innovante<\/strong><\/p>\n<p>La tourn\u00e9e s\u2019est achev\u00e9e par une visite aux activit\u00e9s de l\u2019Association des Sourds-Muets de C\u00f4te d\u2019Ivoire, dont certains encadreurs sont b\u00e9n\u00e9voles pour la paix. Les \u00e9changes ont port\u00e9 sur la lutte contre les rumeurs et les fausses informations en p\u00e9riode \u00e9lectorale, traduisant la volont\u00e9 d\u2019impliquer toutes les couches sociales dans cette dynamique.<\/p>\n<p>Les activit\u00e9s de proximit\u00e9 \u2014 sensibilisations, causeries et m\u00e9diations \u2014 traduisent l\u2019engagement des b\u00e9n\u00e9voles et des m\u00e9diatrices de paix \u00e0 promouvoir, dans les esprits, les valeurs de citoyennet\u00e9, de solidarit\u00e9 et de coh\u00e9sion sociale, indispensables \u00e0 une \u00e9lection apais\u00e9e et \u00e0 la stabilit\u00e9 de la C\u00f4te d\u2019Ivoire.<\/p>\n<p><strong>Olivier Dion avec G\u00e9rard Batoua<\/strong><\/p>\n","protected":false},"excerpt":{"rendered":"<p>\u00c0 l\u2019approche de l\u2019\u00e9lection pr\u00e9sidentielle, le Gouvernement ivoirien multiplie les initiatives pour garantir un scrutin serein. Dans ce cadre, la Ministre de la Coh\u00e9sion nationale, de la Solidarit\u00e9 et de la Lutte contre la Pauvret\u00e9, Myss Belmonde Dogo, accompagn\u00e9e du Ministre de la Promotion de la jeunesse, de l\u2019Insertion professionnelle et du Service civique Mamadou [&hellip;]<\/p>\n","protected":false},"author":4,"featured_media":40209,"comment_status":"closed","ping_status":"closed","sticky":false,"template":"","format":"standard","meta":{"_monsterinsights_skip_tracking":false,"_monsterinsights_sitenote_active":false,"_monsterinsights_sitenote_note":"","_monsterinsights_sitenote_category":0,"footnotes":""},"categories":[2,17],"tags":[2381,4622,6163,6162,655,1621],"class_list":["post-40208","post","type-post","status-publish","format-standard","has-post-thumbnail","hentry","category-featured","category-politique","tag-action","tag-election-apaisee","tag-les-benevoles","tag-mediatrices","tag-paix","tag-presidentielle-2025"],"_links":{"self":[{"href":"https:\/\/www.lintelligentdabidjan.info\/news\/wp-json\/wp\/v2\/posts\/40208","targetHints":{"allow":["GET"]}}],"collection":[{"href":"https:\/\/www.lintelligentdabidjan.info\/news\/wp-json\/wp\/v2\/posts"}],"about":[{"href":"https:\/\/www.lintelligentdabidjan.info\/news\/wp-json\/wp\/v2\/types\/post"}],"author":[{"embeddable":true,"href":"https:\/\/www.lintelligentdabidjan.info\/news\/wp-json\/wp\/v2\/users\/4"}],"replies":[{"embeddable":true,"href":"https:\/\/www.lintelligentdabidjan.info\/news\/wp-json\/wp\/v2\/comments?post=40208"}],"version-history":[{"count":1,"href":"https:\/\/www.lintelligentdabidjan.info\/news\/wp-json\/wp\/v2\/posts\/40208\/revisions"}],"predecessor-version":[{"id":40210,"href":"https:\/\/www.lintelligentdabidjan.info\/news\/wp-json\/wp\/v2\/posts\/40208\/revisions\/40210"}],"wp:featuredmedia":[{"embeddable":true,"href":"https:\/\/www.lintelligentdabidjan.info\/news\/wp-json\/wp\/v2\/media\/40209"}],"wp:attachment":[{"href":"https:\/\/www.lintelligentdabidjan.info\/news\/wp-json\/wp\/v2\/media?parent=40208"}],"wp:term":[{"taxonomy":"category","embeddable":true,"href":"https:\/\/www.lintelligentdabidjan.info\/news\/wp-json\/wp\/v2\/categories?post=40208"},{"taxonomy":"post_tag","embeddable":true,"href":"https:\/\/www.lintelligentdabidjan.info\/news\/wp-json\/wp\/v2\/tags?post=40208"}],"curies":[{"name":"wp","href":"https:\/\/api.w.org\/{rel}","templated":true}]}}