{"id":40211,"date":"2025-09-17T06:49:19","date_gmt":"2025-09-17T04:49:19","guid":{"rendered":"https:\/\/www.lintelligentdabidjan.info\/news\/?p=40211"},"modified":"2025-09-17T06:49:24","modified_gmt":"2025-09-17T04:49:24","slug":"haut-sassandra-francoiskro-recoit-une-pompe-a-motricite-solaire","status":"publish","type":"post","link":"https:\/\/www.lintelligentdabidjan.info\/news\/haut-sassandra-francoiskro-recoit-une-pompe-a-motricite-solaire\/","title":{"rendered":"Haut-Sassandra-   Fran\u00e7oiskro re\u00e7oit une pompe \u00e0 motricit\u00e9 solaire"},"content":{"rendered":"<p><em><strong>Lors de la remise d\u2019une pompe \u00e0 motricit\u00e9 solaire au campement de Fran\u00e7oiskro, situ\u00e9 dans la sous-pr\u00e9fecture de S\u00e9itifla, le samedi 13 septembre 2025, le premier vice-pr\u00e9sident du Conseil r\u00e9gional, le d\u00e9put\u00e9 Tra Bi Sui Guillaume, a reconnu que  cette  sous-pr\u00e9fecture   conna\u00eet une transformation notable gr\u00e2ce aux actions de Mamadou Tour\u00e9, pr\u00e9sident du Conseil r\u00e9gional du Haut-Sassandra, par ailleurs ministre de la Promotion de la Jeunesse, de l&#8217;Insertion professionnelle et du Service civique.<\/strong><\/em><\/p>\n<p>En pr\u00e9sence des autorit\u00e9s traditionnelles notamment le chef de village de Mignor\u00e9, ainsi que des cadres, le d\u00e9put\u00e9 a rappel\u00e9 les ouvrages r\u00e9cemment inaugur\u00e9s dans la circonscription de S\u00e9itifla : une pompe \u00e0 D\u00e9ma 3 le mardi pr\u00e9c\u00e9dent, une autre \u00e0 Prozi 1 lors de la f\u00eate de l\u2019ind\u00e9pendance, et d\u00e9sormais celle de Fran\u00e7oiskro.<\/p>\n<p>\u00ab C\u2019est un sentiment de joie pour nous et pour les populations \u00bb, a-t-il confi\u00e9, avant d\u2019exprimer, au nom des habitants, une profonde gratitude au ministre Mamadou Tour\u00e9.<\/p>\n<p>Il a soulign\u00e9 que ces r\u00e9alisations s\u2019ajoutent \u00e0 des acquis majeurs : 100 % de couverture \u00e9lectrique dans les 18 villages de la sous-pr\u00e9fecture, 95 % de couverture sanitaire, et une progression rapide vers une adduction totale en eau potable.  C&#8217;est pourquoi, il a invit\u00e9 les habitants \u00e0 continuer de faire confiance au pr\u00e9sident de la R\u00e9publique, Alassane Ouattara.<\/p>\n<p>\u00ab Sans paix, toutes ces avanc\u00e9es n\u2019auraient pas \u00e9t\u00e9 possibles. C\u2019est pourquoi nous avons invit\u00e9 les populations \u00e0 pr\u00e9server la coh\u00e9sion sociale et \u00e0 continuer de faire confiance au ministre Mamadou Tour\u00e9 ainsi qu\u2019au pr\u00e9sident Alassane Ouattara \u00bb, a-t-il ajout\u00e9.<\/p>\n<p>Pour sa part, le chef du village, N\u2019Guessan Kouam\u00e9 Jean-Baptiste, a salu\u00e9 un changement historique pour ses administr\u00e9s : \u00ab Depuis longtemps, nous buvons l\u2019eau des marigots. Gr\u00e2ce au ministre Mamadou Tour\u00e9, nous avons d\u00e9sormais acc\u00e8s \u00e0 l\u2019eau potable. La population dit merci au ministre, au pr\u00e9sident Alassane Ouattara et \u00e0 notre d\u00e9put\u00e9 \u00bb. M\u00eame satisfaction du c\u00f4t\u00e9 de Kouassi Adjoua Ruth : \u00ab Nous n\u2019avions pas de pompe, seulement des puits et des marigots. Ce don nous va droit au c\u0153ur. Merci au ministre Mamadou Tour\u00e9 et au d\u00e9put\u00e9 \u00bb.<\/p>\n<p>Avec cette nouvelle infrastructure hydraulique, le Conseil r\u00e9gional du Haut-Sassandra poursuit sa politique d\u2019am\u00e9lioration du cadre de vie en milieu rural. L\u2019objectif affich\u00e9 est clair : garantir \u00e0 court terme un acc\u00e8s universel \u00e0 l\u2019eau potable dans la sous-pr\u00e9fecture de S\u00e9itifla.<\/p>\n<p><strong>Beker Yao <\/strong><\/p>\n","protected":false},"excerpt":{"rendered":"<p>Lors de la remise d\u2019une pompe \u00e0 motricit\u00e9 solaire au campement de Fran\u00e7oiskro, situ\u00e9 dans la sous-pr\u00e9fecture de S\u00e9itifla, le samedi 13 septembre 2025, le premier vice-pr\u00e9sident du Conseil r\u00e9gional, le d\u00e9put\u00e9 Tra Bi Sui Guillaume, a reconnu que cette sous-pr\u00e9fecture conna\u00eet une transformation notable gr\u00e2ce aux actions de Mamadou Tour\u00e9, pr\u00e9sident du Conseil r\u00e9gional [&hellip;]<\/p>\n","protected":false},"author":4,"featured_media":40212,"comment_status":"closed","ping_status":"closed","sticky":false,"template":"","format":"standard","meta":{"footnotes":""},"categories":[2,3],"tags":[6164,1972,6165,2354],"class_list":["post-40211","post","type-post","status-publish","format-standard","has-post-thumbnail","hentry","category-featured","category-societe","tag-francoiskro","tag-haut-sassandra","tag-motricite-solaire","tag-pompe"],"_links":{"self":[{"href":"https:\/\/www.lintelligentdabidjan.info\/news\/wp-json\/wp\/v2\/posts\/40211","targetHints":{"allow":["GET"]}}],"collection":[{"href":"https:\/\/www.lintelligentdabidjan.info\/news\/wp-json\/wp\/v2\/posts"}],"about":[{"href":"https:\/\/www.lintelligentdabidjan.info\/news\/wp-json\/wp\/v2\/types\/post"}],"author":[{"embeddable":true,"href":"https:\/\/www.lintelligentdabidjan.info\/news\/wp-json\/wp\/v2\/users\/4"}],"replies":[{"embeddable":true,"href":"https:\/\/www.lintelligentdabidjan.info\/news\/wp-json\/wp\/v2\/comments?post=40211"}],"version-history":[{"count":1,"href":"https:\/\/www.lintelligentdabidjan.info\/news\/wp-json\/wp\/v2\/posts\/40211\/revisions"}],"predecessor-version":[{"id":40213,"href":"https:\/\/www.lintelligentdabidjan.info\/news\/wp-json\/wp\/v2\/posts\/40211\/revisions\/40213"}],"wp:featuredmedia":[{"embeddable":true,"href":"https:\/\/www.lintelligentdabidjan.info\/news\/wp-json\/wp\/v2\/media\/40212"}],"wp:attachment":[{"href":"https:\/\/www.lintelligentdabidjan.info\/news\/wp-json\/wp\/v2\/media?parent=40211"}],"wp:term":[{"taxonomy":"category","embeddable":true,"href":"https:\/\/www.lintelligentdabidjan.info\/news\/wp-json\/wp\/v2\/categories?post=40211"},{"taxonomy":"post_tag","embeddable":true,"href":"https:\/\/www.lintelligentdabidjan.info\/news\/wp-json\/wp\/v2\/tags?post=40211"}],"curies":[{"name":"wp","href":"https:\/\/api.w.org\/{rel}","templated":true}]}}