{"id":40214,"date":"2025-09-17T06:52:53","date_gmt":"2025-09-17T04:52:53","guid":{"rendered":"https:\/\/www.lintelligentdabidjan.info\/news\/?p=40214"},"modified":"2025-09-17T06:53:02","modified_gmt":"2025-09-17T04:53:02","slug":"celebration-de-lexcellence-39-personnalites-decorees-dans-les-ordres-nationaux","status":"publish","type":"post","link":"https:\/\/www.lintelligentdabidjan.info\/news\/celebration-de-lexcellence-39-personnalites-decorees-dans-les-ordres-nationaux\/","title":{"rendered":"C\u00e9l\u00e9bration de l\u2019excellence-   39 personnalit\u00e9s d\u00e9cor\u00e9es dans les ordres nationaux"},"content":{"rendered":"<p><em><strong>La deuxi\u00e8me session annuelle de d\u00e9coration a eu lieu le vendredi 12 septembre 2025 dans les locaux de la Grande Chancellerie de C\u00f4te d\u2019Ivoire \u00e0 Abidjan-Cocody.<\/strong><\/em><\/p>\n<p>\u00c0 l\u2019occasion de cette c\u00e9l\u00e9bration de d\u00e9coration \u00e0 titre ordinaire, pr\u00e9sid\u00e9e par le Grand Chancelier, Ally Coulibaly, 39 personnalit\u00e9s ont \u00e9t\u00e9 d\u00e9cor\u00e9es dans les ordres nationaux dont 24 dans l\u2019ordre national, 3 commandeurs, 8 officiers et 12 chevaliers selon une note d\u2019information re\u00e7ue    . Dans l\u2019ordre du m\u00e9rite ivoirien, ce sont 15 r\u00e9cipiendaires dont un commandeur et 14 chevaliers qui ont \u00e9t\u00e9 d\u00e9cor\u00e9s en pr\u00e9sence de parents, amis et connaissances venus en grand nombre. Parmi les r\u00e9cipiendaires, il y a des chefs d&#8217;\u00e9tablissement, des acteurs institutionnels, des personnalit\u00e9s dans le domaine de l\u2019art et de la culture, des acteurs scientifiques dans le domaine agricole, des acteurs du chocolat. Ally Coulibaly a r\u00e9affirm\u00e9 l&#8217;importance de l&#8217;excellence dans le d\u00e9veloppement du pays. Il a rappel\u00e9 que cette c\u00e9r\u00e9monie de distinction se tient conform\u00e9ment aux dispositions de la loi r\u00e9gissant les ordres nationaux, sauf les cas exceptionnels. \u00ab Cette fois encore, la grande Chancellerie de l\u2019Ordre National reste fid\u00e8le \u00e0 sa mission. Celle de reconnaitre et de r\u00e9compenser le m\u00e9rite de l\u2019excellence au service de la nation, de promouvoir ses valeurs en vue de capter au profit de tous, les \u00e9lans les plus nobles pour en faire des forces g\u00e9n\u00e9ratrices de vertus r\u00e9publicaines \u00bb, a dit le grand chancelier. Par ailleurs, Ally Coulibaly a rendu hommage aux membres des Ordres Nationaux de la Grande Chancellerie pour leur travail  remarquable dans le choix des r\u00e9cipiendaires. \u00ab Chaque d\u00e9coration est pour nous un motif de grande satisfaction. Une satisfaction d\u00e9cupl\u00e9e d\u00e8s lors que cela renvoie \u00e0 la diversit\u00e9. Diversit\u00e9 professionnelle, ethnique, de genre et d\u2019\u00e2ge \u00bb, a-t-il fait savoir.<\/p>\n<p>Au nom des r\u00e9cipiendaires, Georgette Klinctho Coulibaly, proviseur du lyc\u00e9e Sainte-Marie de Cocody, a traduit sa gratitude \u00e0 la Grande Chancellerie pour cette distinction. \u00ab Ces distinctions ne r\u00e9compensent pas seulement nos parcours individuels, mais elles symbolisent aussi l\u2019engagement quotidien de nos collaborateurs, coll\u00e8gues et familles. Nous sommes d\u00e9sormais tenus d\u2019\u00eatre des exemples et des sources d\u2019inspiration pour nos concitoyens \u00bb, a-t-elle promis. Elle a \u00e9galement insist\u00e9 sur l\u2019engagement accru que suppose une telle reconnaissance parce que cette m\u00e9daille est une responsabilit\u00e9 qui les oblige \u00e0 servir davantage le pays, avec abn\u00e9gation et d\u00e9termination. \u00abAu-del\u00e0 des m\u00e9dailles et des grades, c\u2019est un message fort que la R\u00e9publique a voulu adresser \u00e0 travers cette c\u00e9r\u00e9monie. Celui d\u2019encourager le m\u00e9rite, promouvoir l\u2019excellence et reconna\u00eetre l\u2019apport des Ivoiriens \u00e0 la construction nationale, dans la diversit\u00e9 de leurs talents\u00bb, a-t-elle ajout\u00e9.<\/p>\n<p><strong>Tour\u00e9 Abdoulaye avec A. Traor\u00e9<\/strong><\/p>\n","protected":false},"excerpt":{"rendered":"<p>La deuxi\u00e8me session annuelle de d\u00e9coration a eu lieu le vendredi 12 septembre 2025 dans les locaux de la Grande Chancellerie de C\u00f4te d\u2019Ivoire \u00e0 Abidjan-Cocody. \u00c0 l\u2019occasion de cette c\u00e9l\u00e9bration de d\u00e9coration \u00e0 titre ordinaire, pr\u00e9sid\u00e9e par le Grand Chancelier, Ally Coulibaly, 39 personnalit\u00e9s ont \u00e9t\u00e9 d\u00e9cor\u00e9es dans les ordres nationaux dont 24 dans [&hellip;]<\/p>\n","protected":false},"author":4,"featured_media":40215,"comment_status":"closed","ping_status":"closed","sticky":false,"template":"","format":"standard","meta":{"_monsterinsights_skip_tracking":false,"_monsterinsights_sitenote_active":false,"_monsterinsights_sitenote_note":"","_monsterinsights_sitenote_category":0,"footnotes":""},"categories":[2,3],"tags":[5487,6167,6168,6166],"class_list":["post-40214","post","type-post","status-publish","format-standard","has-post-thumbnail","hentry","category-featured","category-societe","tag-celebration-de-lexcellence","tag-decorees","tag-ordres-nationaux","tag-personnalites"],"_links":{"self":[{"href":"https:\/\/www.lintelligentdabidjan.info\/news\/wp-json\/wp\/v2\/posts\/40214","targetHints":{"allow":["GET"]}}],"collection":[{"href":"https:\/\/www.lintelligentdabidjan.info\/news\/wp-json\/wp\/v2\/posts"}],"about":[{"href":"https:\/\/www.lintelligentdabidjan.info\/news\/wp-json\/wp\/v2\/types\/post"}],"author":[{"embeddable":true,"href":"https:\/\/www.lintelligentdabidjan.info\/news\/wp-json\/wp\/v2\/users\/4"}],"replies":[{"embeddable":true,"href":"https:\/\/www.lintelligentdabidjan.info\/news\/wp-json\/wp\/v2\/comments?post=40214"}],"version-history":[{"count":1,"href":"https:\/\/www.lintelligentdabidjan.info\/news\/wp-json\/wp\/v2\/posts\/40214\/revisions"}],"predecessor-version":[{"id":40216,"href":"https:\/\/www.lintelligentdabidjan.info\/news\/wp-json\/wp\/v2\/posts\/40214\/revisions\/40216"}],"wp:featuredmedia":[{"embeddable":true,"href":"https:\/\/www.lintelligentdabidjan.info\/news\/wp-json\/wp\/v2\/media\/40215"}],"wp:attachment":[{"href":"https:\/\/www.lintelligentdabidjan.info\/news\/wp-json\/wp\/v2\/media?parent=40214"}],"wp:term":[{"taxonomy":"category","embeddable":true,"href":"https:\/\/www.lintelligentdabidjan.info\/news\/wp-json\/wp\/v2\/categories?post=40214"},{"taxonomy":"post_tag","embeddable":true,"href":"https:\/\/www.lintelligentdabidjan.info\/news\/wp-json\/wp\/v2\/tags?post=40214"}],"curies":[{"name":"wp","href":"https:\/\/api.w.org\/{rel}","templated":true}]}}