{"id":40217,"date":"2025-09-17T06:59:53","date_gmt":"2025-09-17T04:59:53","guid":{"rendered":"https:\/\/www.lintelligentdabidjan.info\/news\/?p=40217"},"modified":"2025-09-17T07:00:14","modified_gmt":"2025-09-17T05:00:14","slug":"lintelligent-en-pdf-couverture-des-elections-132-journalistes-en-formation","status":"publish","type":"post","link":"https:\/\/www.lintelligentdabidjan.info\/news\/lintelligent-en-pdf-couverture-des-elections-132-journalistes-en-formation\/","title":{"rendered":"L&#8217;Intelligent en PDF:  Couverture des \u00e9lections 132 journalistes en formation"},"content":{"rendered":"<p><strong>Kobenan Kouassi Adjoumani, ministre d&#8217;\u00c9tat, ministre de l\u2019Agriculture, du D\u00e9veloppement rural et des Productions vivri\u00e8res, a proc\u00e9d\u00e9, le mardi 16 septembre 2025, \u00e0 la Maison de la presse, au lancement du projet de &#8220;Renforcement des capacit\u00e9s de 132 professionnels des m\u00e9dias pour une couverture \u00e9lectorale \u00e9thique et une gestion durable des entreprises de presse&#8221;. Qu&#8217;est ce qui s&#8217;est pass\u00e9 au cours de cette c\u00e9r\u00e9monie? <\/strong><\/p>\n<p>Article \u00e0 d\u00e9couvrir dans vos kiosques et en ligne sur&#8230;<\/p>\n<p><a href=\"https:\/\/news.abidjan.net\/titrologie\/39-lintelligent-dabidjan\/articles\" target=\"_blank\" rel=\"noopener\">https:\/\/news.abidjan.net\/titrologie\/39-lintelligent-dabidjan\/articles<\/a><\/p>\n<p>\u00c0 lire aussi Ouattara au centre d\u2019une double c\u00e9r\u00e9monie hier , La C\u00f4te d\u2019Ivoire partage son expertise avec le Gabon au niveau de la coop\u00e9ration sociale, Le PPA-CI promet une grande action en concertation avec le Pdci-Rda avant la fin du mois de Septembre 2025, Stage d\u2019immersion pour 414 jeunes b\u00e9n\u00e9ficiaires \u00e0 Toumodi, Dj\u00e9kanou et Taabo.<\/p>\n<p>Cliquez pour les d\u00e9tails<\/p>\n<p><a href=\"https:\/\/www.afrikipresse.fr\/abonnement\" target=\"_blank\" rel=\"noopener\">https:\/\/www.afrikipresse.fr\/abonnement<\/a><\/p>\n<p>\u00c0 voir \u00e9galement ce que Jacques Assahor\u00e9 a dit sur la pollution de l&#8217;eau, Adama Diawara d\u00e9cline ses priorit\u00e9s pour la rentr\u00e9e 2025-2026.<\/p>\n<p><a href=\"https:\/\/www.pressecotedivoire.fr\/titrologie\" target=\"_blank\" rel=\"noopener\">https:\/\/www.pressecotedivoire.fr\/titrologie<\/a><\/p>\n","protected":false},"excerpt":{"rendered":"<p>Kobenan Kouassi Adjoumani, ministre d&#8217;\u00c9tat, ministre de l\u2019Agriculture, du D\u00e9veloppement rural et des Productions vivri\u00e8res, a proc\u00e9d\u00e9, le mardi 16 septembre 2025, \u00e0 la Maison de la presse, au lancement du projet de &#8220;Renforcement des capacit\u00e9s de 132 professionnels des m\u00e9dias pour une couverture \u00e9lectorale \u00e9thique et une gestion durable des entreprises de presse&#8221;. Qu&#8217;est [&hellip;]<\/p>\n","protected":false},"author":4,"featured_media":40218,"comment_status":"closed","ping_status":"closed","sticky":false,"template":"","format":"standard","meta":{"_monsterinsights_skip_tracking":false,"_monsterinsights_sitenote_active":false,"_monsterinsights_sitenote_note":"","_monsterinsights_sitenote_category":0,"footnotes":""},"categories":[2,3],"tags":[],"class_list":["post-40217","post","type-post","status-publish","format-standard","has-post-thumbnail","hentry","category-featured","category-societe"],"_links":{"self":[{"href":"https:\/\/www.lintelligentdabidjan.info\/news\/wp-json\/wp\/v2\/posts\/40217","targetHints":{"allow":["GET"]}}],"collection":[{"href":"https:\/\/www.lintelligentdabidjan.info\/news\/wp-json\/wp\/v2\/posts"}],"about":[{"href":"https:\/\/www.lintelligentdabidjan.info\/news\/wp-json\/wp\/v2\/types\/post"}],"author":[{"embeddable":true,"href":"https:\/\/www.lintelligentdabidjan.info\/news\/wp-json\/wp\/v2\/users\/4"}],"replies":[{"embeddable":true,"href":"https:\/\/www.lintelligentdabidjan.info\/news\/wp-json\/wp\/v2\/comments?post=40217"}],"version-history":[{"count":1,"href":"https:\/\/www.lintelligentdabidjan.info\/news\/wp-json\/wp\/v2\/posts\/40217\/revisions"}],"predecessor-version":[{"id":40219,"href":"https:\/\/www.lintelligentdabidjan.info\/news\/wp-json\/wp\/v2\/posts\/40217\/revisions\/40219"}],"wp:featuredmedia":[{"embeddable":true,"href":"https:\/\/www.lintelligentdabidjan.info\/news\/wp-json\/wp\/v2\/media\/40218"}],"wp:attachment":[{"href":"https:\/\/www.lintelligentdabidjan.info\/news\/wp-json\/wp\/v2\/media?parent=40217"}],"wp:term":[{"taxonomy":"category","embeddable":true,"href":"https:\/\/www.lintelligentdabidjan.info\/news\/wp-json\/wp\/v2\/categories?post=40217"},{"taxonomy":"post_tag","embeddable":true,"href":"https:\/\/www.lintelligentdabidjan.info\/news\/wp-json\/wp\/v2\/tags?post=40217"}],"curies":[{"name":"wp","href":"https:\/\/api.w.org\/{rel}","templated":true}]}}