{"id":40220,"date":"2025-09-18T06:39:11","date_gmt":"2025-09-18T04:39:11","guid":{"rendered":"https:\/\/www.lintelligentdabidjan.info\/news\/?p=40220"},"modified":"2025-09-18T06:39:37","modified_gmt":"2025-09-18T04:39:37","slug":"genre-equite-et-egalite-long-save-the-children-lunicef-et-le-mena-renforcent-les-capacites-des-jeunes-activistes","status":"publish","type":"post","link":"https:\/\/www.lintelligentdabidjan.info\/news\/genre-equite-et-egalite-long-save-the-children-lunicef-et-le-mena-renforcent-les-capacites-des-jeunes-activistes\/","title":{"rendered":"Genre, \u00e9quit\u00e9 et \u00e9galit\u00e9-  L\u2019ONG Save the Children, l\u2019UNICEF et le MENA renforcent les capacit\u00e9s des jeunes activistes"},"content":{"rendered":"<p><em><strong>Le bureau pays de l\u2019ONG Save the Children a accueilli, mardi 16 septembre 2025, plusieurs organisations de jeunes, dont des activistes, \u00e0 une rencontre ax\u00e9e sur l\u2019\u00e9ducation et le genre.<br \/>\n <\/strong><\/em><\/p>\n<p>Selon Nathalie Akoun \u00e9pouse Adjimi, conseill\u00e8re technique en \u00e9ducation au sein de Save the Children et l\u2019une des formatrices du jour, cette initiative vise \u00e0 \u00ab renforcer les capacit\u00e9s de ces jeunes sur l\u2019\u00e9ducation et le genre, mais en int\u00e9grant le genre dans l\u2019\u00e9ducation \u00bb. Elle pr\u00e9cise : \u00ab Nous souhaitons que l\u2019\u00e9ducation soit transformative. Ce sont des notions de base que nous voulons transmettre \u00e0 ces jeunes et \u00e0 leurs organisations \u00bb.<\/p>\n<p>Mme Adjimi  a salu\u00e9 les efforts d\u00e9j\u00e0 entrepris par le minist\u00e8re de l\u2019\u00c9ducation nationale et de l\u2019Alphab\u00e9tisation (MENA), \u00e0 travers la direction en charge de l\u2019\u00e9quit\u00e9 et de l\u2019\u00e9galit\u00e9 de genre. Toutefois, elle estime que \u00ab beaucoup reste \u00e0 faire \u00bb. Pour elle, il est essentiel que les organisations de la soci\u00e9t\u00e9 civile \u00ab portent la voix des communaut\u00e9s \u00bb et s\u2019unissent afin de \u00ab repr\u00e9senter l\u2019ensemble de la population aupr\u00e8s des instances d\u00e9cisionnelles en mati\u00e8re d\u2019\u00e9ducation \u00bb.<\/p>\n<p>Pendant deux jours, les participants seront \u00e9galement form\u00e9s aux techniques de plaidoyer. \u00ab Il s\u2019agit d\u2019apprendre \u00e0 \u00e9laborer un plan de plaidoyer capable de capter l\u2019attention des d\u00e9cideurs et d\u2019aborder les questions de genre encore sensibles dans nos communaut\u00e9s \u00bb, a-t-elle ajout\u00e9.<\/p>\n<p>De son c\u00f4t\u00e9, Noumou Gervais, charg\u00e9 de formation \u00e0 la direction de l\u2019\u00e9quit\u00e9, de l\u2019\u00e9galit\u00e9 et du genre au MENA, a rappel\u00e9 que cette formation s\u2019inscrit dans la strat\u00e9gie globale du gouvernement. \u00ab Nous travaillons avec l\u2019ensemble des parties prenantes, aussi bien au niveau gouvernemental qu\u2019avec les ONG. Former ces acteurs, qui sont pour nous des partenaires, est essentiel \u00bb, a-t-il affirm\u00e9, annon\u00e7ant un suivi des activit\u00e9s men\u00e9es par les organisations apr\u00e8s la formation.<\/p>\n<p>Kadjo Modestine, consultante et cheffe de projet au sein de Save the Children, a pr\u00e9cis\u00e9 que cette initiative est port\u00e9e par l\u2019ONG, financ\u00e9e par l\u2019UNICEF et soutenue par le MENA. \u00ab Ce projet met en avant la promotion de l\u2019\u00e9galit\u00e9 de genre dans l\u2019\u00e9ducation. Il s\u2019agit d\u2019un mini-projet comportant trois livrables principaux, compl\u00e9t\u00e9s par des actions additionnelles \u00bb, a-t-elle expliqu\u00e9.<\/p>\n<p>Elle en a d\u00e9taill\u00e9 les principaux axes : \u00ab Renforcer les capacit\u00e9s des OSC et des jeunes activistes en mati\u00e8re de promotion du genre ; cr\u00e9er un r\u00e9seau ou une plateforme de jeunes leaders pour renforcer leur impact ; et enfin, encourager les jeunes \u00e0 s\u2019adresser \u00e0 leurs pairs \u00e0 travers des campagnes num\u00e9riques et de terrain \u00bb.<\/p>\n<p>Mme Modestine a conclu en remerciant l\u2019UNICEF ainsi que le minist\u00e8re de l\u2019\u00c9ducation nationale et de l\u2019Alphab\u00e9tisation pour leur appui constant.<\/p>\n<p>Pour Ou\u00e9draogo Mathieu, pr\u00e9sident de l\u2019Union des apprenants de C\u00f4te d\u2019Ivoire et participant \u00e0 l\u2019atelier, cette rencontre repr\u00e9sente une v\u00e9ritable opportunit\u00e9 d\u2019apprentissage. \u00ab Ces journ\u00e9es de formation sur l\u2019\u00e9galit\u00e9 des genres, l\u2019\u00e9ducation, le plaidoyer, le leadership, la vie associative, la mobilisation communautaire et l\u2019\u00e9laboration d\u2019un plan m\u00e9dia nous ont permis de consolider nos acquis. Nous avons \u00e9galement pu partager nos exp\u00e9riences et former certains leaders communautaires pour faire passer le message, notamment en milieu rural \u00bb, a-t-il d\u00e9clar\u00e9.<\/p>\n<p><strong>Olivier Dion avec G\u00e9rard Batoua<\/strong><\/p>\n","protected":false},"excerpt":{"rendered":"<p>Le bureau pays de l\u2019ONG Save the Children a accueilli, mardi 16 septembre 2025, plusieurs organisations de jeunes, dont des activistes, \u00e0 une rencontre ax\u00e9e sur l\u2019\u00e9ducation et le genre. Selon Nathalie Akoun \u00e9pouse Adjimi, conseill\u00e8re technique en \u00e9ducation au sein de Save the Children et l\u2019une des formatrices du jour, cette initiative vise \u00e0 [&hellip;]<\/p>\n","protected":false},"author":4,"featured_media":40221,"comment_status":"closed","ping_status":"closed","sticky":false,"template":"","format":"standard","meta":{"_monsterinsights_skip_tracking":false,"_monsterinsights_sitenote_active":false,"_monsterinsights_sitenote_note":"","_monsterinsights_sitenote_category":0,"footnotes":""},"categories":[2,3],"tags":[1824,6171,3292,6170,6172,5450,6169],"class_list":["post-40220","post","type-post","status-publish","format-standard","has-post-thumbnail","hentry","category-featured","category-societe","tag-egalite","tag-equite","tag-genre","tag-jeunes-activistes","tag-long-save-the-children","tag-lunicef","tag-mena"],"_links":{"self":[{"href":"https:\/\/www.lintelligentdabidjan.info\/news\/wp-json\/wp\/v2\/posts\/40220","targetHints":{"allow":["GET"]}}],"collection":[{"href":"https:\/\/www.lintelligentdabidjan.info\/news\/wp-json\/wp\/v2\/posts"}],"about":[{"href":"https:\/\/www.lintelligentdabidjan.info\/news\/wp-json\/wp\/v2\/types\/post"}],"author":[{"embeddable":true,"href":"https:\/\/www.lintelligentdabidjan.info\/news\/wp-json\/wp\/v2\/users\/4"}],"replies":[{"embeddable":true,"href":"https:\/\/www.lintelligentdabidjan.info\/news\/wp-json\/wp\/v2\/comments?post=40220"}],"version-history":[{"count":1,"href":"https:\/\/www.lintelligentdabidjan.info\/news\/wp-json\/wp\/v2\/posts\/40220\/revisions"}],"predecessor-version":[{"id":40222,"href":"https:\/\/www.lintelligentdabidjan.info\/news\/wp-json\/wp\/v2\/posts\/40220\/revisions\/40222"}],"wp:featuredmedia":[{"embeddable":true,"href":"https:\/\/www.lintelligentdabidjan.info\/news\/wp-json\/wp\/v2\/media\/40221"}],"wp:attachment":[{"href":"https:\/\/www.lintelligentdabidjan.info\/news\/wp-json\/wp\/v2\/media?parent=40220"}],"wp:term":[{"taxonomy":"category","embeddable":true,"href":"https:\/\/www.lintelligentdabidjan.info\/news\/wp-json\/wp\/v2\/categories?post=40220"},{"taxonomy":"post_tag","embeddable":true,"href":"https:\/\/www.lintelligentdabidjan.info\/news\/wp-json\/wp\/v2\/tags?post=40220"}],"curies":[{"name":"wp","href":"https:\/\/api.w.org\/{rel}","templated":true}]}}