{"id":40229,"date":"2025-09-18T06:54:26","date_gmt":"2025-09-18T04:54:26","guid":{"rendered":"https:\/\/www.lintelligentdabidjan.info\/news\/?p=40229"},"modified":"2025-09-18T06:54:50","modified_gmt":"2025-09-18T04:54:50","slug":"lintelligent-en-pdf-24-heures-avant-levenement-abidjan-media-forum-recoit-les-benedictions-de-cisse-bacongo","status":"publish","type":"post","link":"https:\/\/www.lintelligentdabidjan.info\/news\/lintelligent-en-pdf-24-heures-avant-levenement-abidjan-media-forum-recoit-les-benedictions-de-cisse-bacongo\/","title":{"rendered":"L&#8217;Intelligent en PDF:  24 heures avant l\u2019\u00e9v\u00e9nement Abidjan M\u00e9dia Forum re\u00e7oit les b\u00e9n\u00e9dictions de Ciss\u00e9 Bacongo"},"content":{"rendered":"<p><strong>\u00c0 la veille de l\u2019ouverture officielle d\u2019Abidjan M\u00e9dia Forum (AMF) 2025, plusieurs panelistes et invit\u00e9s ext\u00e9rieurs ont \u00e9t\u00e9 re\u00e7us en audience le mercredi 17 septembre 2025 par le Ministre, Gouverneur du District Autonome d\u2019Abidjan, Ciss\u00e9 Ibrahima Bacongo.La d\u00e9l\u00e9gation, conduite par Wakili Alaf\u00e9, directeur fondateur de L\u2019Intelligent d\u2019Abidjan et Commissaire g\u00e9n\u00e9ral de l\u2019\u00e9v\u00e9nement, comprenait Lancin\u00e9 Camara, pr\u00e9sident de l\u2019Union Internationale des Journalistes Africains en France (UIJA), Tyshamstrong La\u00ebtitia, journaliste-pr\u00e9sentatrice d\u2019Afrik1 TV et membre de l\u2019UIJA , Dr Cheick Omar Diallo, directeur de l\u2019\u00c9cole d\u2019Art Oratoire de Dakar, et Lassina Bamba, consultant international C\u00f4te d\u2019Ivoire-France.<\/strong><\/p>\n<p>La suite \u00e0 d\u00e9couvrir dans vos kiosques et en ligne sur&#8230;<\/p>\n<p><a href=\"https:\/\/news.abidjan.net\/titrologie\/39-lintelligent-dabidjan\/articles\" target=\"_blank\" rel=\"noopener\">https:\/\/news.abidjan.net\/titrologie\/39-lintelligent-dabidjan\/articles<\/a><\/p>\n<p>\u00c0 lire aussi Bruno Kon\u00e9 en Chine pour des villes ivoiriennes durables, Simone Gbagbo sans langue de bois avec Robert Bourgi lors d&#8217;une interview \u00e0 D\u00e9crypter L\u2019Afrique , Sidi Ould Tah re\u00e7u par Alassane Ouattara , la date du prochain conseil des ministres , ce que Sidi Tour\u00e9 pr\u00e9pare avec les populations ce samedi \u00e0 B\u00e9oumi et Billon optimiste \u00e0 Dabou pour la pr\u00e9sidentielle 2025 .<\/p>\n<p>Cliquez pour les d\u00e9tails<\/p>\n<p><a href=\"https:\/\/www.afrikipresse.fr\/abonnement\" target=\"_blank\" rel=\"noopener\">https:\/\/www.afrikipresse.fr\/abonnement<\/a><\/p>\n<p>\u00c0 voir \u00e9galement les sacrifices des journalistes salu\u00e9s \u00e0 l&#8217;ANP Academy.<\/p>\n<p><a href=\"https:\/\/www.pressecotedivoire.fr\/titrologie\" target=\"_blank\" rel=\"noopener\">https:\/\/www.pressecotedivoire.fr\/titrologie<\/a><\/p>\n<p>&nbsp;<\/p>\n","protected":false},"excerpt":{"rendered":"<p>\u00c0 la veille de l\u2019ouverture officielle d\u2019Abidjan M\u00e9dia Forum (AMF) 2025, plusieurs panelistes et invit\u00e9s ext\u00e9rieurs ont \u00e9t\u00e9 re\u00e7us en audience le mercredi 17 septembre 2025 par le Ministre, Gouverneur du District Autonome d\u2019Abidjan, Ciss\u00e9 Ibrahima Bacongo.La d\u00e9l\u00e9gation, conduite par Wakili Alaf\u00e9, directeur fondateur de L\u2019Intelligent d\u2019Abidjan et Commissaire g\u00e9n\u00e9ral de l\u2019\u00e9v\u00e9nement, comprenait Lancin\u00e9 Camara, [&hellip;]<\/p>\n","protected":false},"author":4,"featured_media":40230,"comment_status":"closed","ping_status":"closed","sticky":false,"template":"","format":"standard","meta":{"_monsterinsights_skip_tracking":false,"_monsterinsights_sitenote_active":false,"_monsterinsights_sitenote_note":"","_monsterinsights_sitenote_category":0,"footnotes":""},"categories":[2,3],"tags":[],"class_list":["post-40229","post","type-post","status-publish","format-standard","has-post-thumbnail","hentry","category-featured","category-societe"],"_links":{"self":[{"href":"https:\/\/www.lintelligentdabidjan.info\/news\/wp-json\/wp\/v2\/posts\/40229","targetHints":{"allow":["GET"]}}],"collection":[{"href":"https:\/\/www.lintelligentdabidjan.info\/news\/wp-json\/wp\/v2\/posts"}],"about":[{"href":"https:\/\/www.lintelligentdabidjan.info\/news\/wp-json\/wp\/v2\/types\/post"}],"author":[{"embeddable":true,"href":"https:\/\/www.lintelligentdabidjan.info\/news\/wp-json\/wp\/v2\/users\/4"}],"replies":[{"embeddable":true,"href":"https:\/\/www.lintelligentdabidjan.info\/news\/wp-json\/wp\/v2\/comments?post=40229"}],"version-history":[{"count":1,"href":"https:\/\/www.lintelligentdabidjan.info\/news\/wp-json\/wp\/v2\/posts\/40229\/revisions"}],"predecessor-version":[{"id":40231,"href":"https:\/\/www.lintelligentdabidjan.info\/news\/wp-json\/wp\/v2\/posts\/40229\/revisions\/40231"}],"wp:featuredmedia":[{"embeddable":true,"href":"https:\/\/www.lintelligentdabidjan.info\/news\/wp-json\/wp\/v2\/media\/40230"}],"wp:attachment":[{"href":"https:\/\/www.lintelligentdabidjan.info\/news\/wp-json\/wp\/v2\/media?parent=40229"}],"wp:term":[{"taxonomy":"category","embeddable":true,"href":"https:\/\/www.lintelligentdabidjan.info\/news\/wp-json\/wp\/v2\/categories?post=40229"},{"taxonomy":"post_tag","embeddable":true,"href":"https:\/\/www.lintelligentdabidjan.info\/news\/wp-json\/wp\/v2\/tags?post=40229"}],"curies":[{"name":"wp","href":"https:\/\/api.w.org\/{rel}","templated":true}]}}