{"id":40261,"date":"2025-09-22T15:32:01","date_gmt":"2025-09-22T13:32:01","guid":{"rendered":"https:\/\/www.lintelligentdabidjan.info\/news\/?p=40261"},"modified":"2025-09-22T16:35:03","modified_gmt":"2025-09-22T14:35:03","slug":"hommage-au-general-de-brigade-kouakou-koffi-rene-le-temoignage-du-general-issa-sakho","status":"publish","type":"post","link":"https:\/\/www.lintelligentdabidjan.info\/news\/hommage-au-general-de-brigade-kouakou-koffi-rene-le-temoignage-du-general-issa-sakho\/","title":{"rendered":"Hommage au G\u00e9n\u00e9ral de Brigade KOUAKOU Koffi Ren\u00e9 : Le t\u00e9moignage du G\u00e9n\u00e9ral Issa SAKHO"},"content":{"rendered":"<p>Les Forces arm\u00e9es de C\u00f4te d\u2019Ivoire, aux c\u00f4t\u00e9s de la Gendarmerie nationale, de la Police nationale, des Douanes ivoiriennes, des Eaux et For\u00eats, des Affaires maritimes et des Affaires p\u00e9nitentiaires, ont rendu un ultime hommage, le vendredi 19 septembre 2025, \u00e0 l\u2019\u00c9tat-Major g\u00e9n\u00e9ral des Arm\u00e9es \u00e0 Abidjan-Plateau, au G\u00e9n\u00e9ral de brigade KOUAKOU Koffi Ren\u00e9, Attach\u00e9 militaire en Isra\u00ebl, d\u00e9c\u00e9d\u00e9 le 31 ao\u00fbt 2025 \u00e0 Tel Aviv.<\/p>\n<p>Les c\u00e9r\u00e9monies d\u2019adieu ont d\u00e9but\u00e9 le 13 septembre 2025 avec l\u2019accueil de la d\u00e9pouille mortelle sur le tarmac de la Base A\u00e9rienne d\u2019Abidjan. Elles se sont poursuivies le jeudi 18 septembre par la lev\u00e9e de corps \u00e0 la salle F\u00e9lix Houphou\u00ebt-Boigny d\u2019IVOSEP, avant de culminer le vendredi 19 septembre par les honneurs fun\u00e8bres \u00e0 l\u2019\u00c9tat-Major g\u00e9n\u00e9ral des Arm\u00e9es. Cette derni\u00e8re c\u00e9r\u00e9monie, pr\u00e9sid\u00e9e par le ministre d\u2019\u00c9tat, ministre de la D\u00e9fense, T\u00e9n\u00e9 Birahima OUATTARA, a \u00e9t\u00e9 marqu\u00e9e par une oraison fun\u00e8bre prononc\u00e9e par le G\u00e9n\u00e9ral de Brigade Issa SAKHO, Directeur G\u00e9n\u00e9ral de l\u2019Administration et des Finances du minist\u00e8re d\u2019\u00c9tat, minist\u00e8re de la D\u00e9fense, et compagnon de promotion du d\u00e9funt.<\/p>\n<p>\u00ab <em>Nous sommes r\u00e9unis aujourd\u2019hui pour rendre un dernier hommage \u00e0 un homme d\u2019exception. Un soldat d\u2019honneur, un ami cher, un p\u00e8re bien-aim\u00e9 \u00bb, a-t-il d\u00e9clar\u00e9. Rappelant que le G\u00e9n\u00e9ral KOUAKOU Koffi Ren\u00e9 appartenait, au-del\u00e0 des liens du sang, \u00e0 une grande famille de c\u0153ur. \u00ab Au sein de celle-ci, il a toujours partag\u00e9 une grande proximit\u00e9 avec le plus illustre d\u2019entre nous. Je voudrais nommer le G\u00e9n\u00e9ral de Corps d\u2019Arm\u00e9e Lassina Doumbia<\/em> \u00bb, a-t-il ajout\u00e9.<\/p>\n<p>\u00c0 titre posthume, le d\u00e9funt a \u00e9t\u00e9 d\u00e9cor\u00e9 de la m\u00e9daille des Arm\u00e9es, \u00e9chelon Or, remise \u00e0 sa famille par le ministre d\u2019\u00c9tat, ministre de la D\u00e9fense. Issu de la 38\u1d49 promotion des enfants de troupe de Bingerville, le G\u00e9n\u00e9ral KOUAKOU Koffi Ren\u00e9 fut le premier officier ivoirien form\u00e9 \u00e0 l\u2019\u00c9cole Royale Militaire de Belgique. Il \u00e9tait rattach\u00e9 \u00e0 la promotion Gbon Coulibaly de l\u2019\u00c9cole des Forces Arm\u00e9es (EFA). Il repose d\u00e9sormais au cimeti\u00e8re municipal de Williamsville, o\u00f9 il a \u00e9t\u00e9 inhum\u00e9 le vendredi 19 septembre 2025.<\/p>\n<p>Mamadou Ouattara avec Ly Abdul<\/p>\n","protected":false},"excerpt":{"rendered":"<p>Les Forces arm\u00e9es de C\u00f4te d\u2019Ivoire, aux c\u00f4t\u00e9s de la Gendarmerie nationale, de la Police nationale, des Douanes ivoiriennes, des Eaux et For\u00eats, des Affaires maritimes et des Affaires p\u00e9nitentiaires, ont rendu un ultime hommage, le vendredi 19 septembre 2025, \u00e0 l\u2019\u00c9tat-Major g\u00e9n\u00e9ral des Arm\u00e9es \u00e0 Abidjan-Plateau, au G\u00e9n\u00e9ral de brigade KOUAKOU Koffi Ren\u00e9, Attach\u00e9 [&hellip;]<\/p>\n","protected":false},"author":4,"featured_media":40272,"comment_status":"closed","ping_status":"closed","sticky":false,"template":"","format":"standard","meta":{"_monsterinsights_skip_tracking":false,"_monsterinsights_sitenote_active":false,"_monsterinsights_sitenote_note":"","_monsterinsights_sitenote_category":0,"footnotes":""},"categories":[2,3],"tags":[],"class_list":["post-40261","post","type-post","status-publish","format-standard","has-post-thumbnail","hentry","category-featured","category-societe"],"_links":{"self":[{"href":"https:\/\/www.lintelligentdabidjan.info\/news\/wp-json\/wp\/v2\/posts\/40261","targetHints":{"allow":["GET"]}}],"collection":[{"href":"https:\/\/www.lintelligentdabidjan.info\/news\/wp-json\/wp\/v2\/posts"}],"about":[{"href":"https:\/\/www.lintelligentdabidjan.info\/news\/wp-json\/wp\/v2\/types\/post"}],"author":[{"embeddable":true,"href":"https:\/\/www.lintelligentdabidjan.info\/news\/wp-json\/wp\/v2\/users\/4"}],"replies":[{"embeddable":true,"href":"https:\/\/www.lintelligentdabidjan.info\/news\/wp-json\/wp\/v2\/comments?post=40261"}],"version-history":[{"count":3,"href":"https:\/\/www.lintelligentdabidjan.info\/news\/wp-json\/wp\/v2\/posts\/40261\/revisions"}],"predecessor-version":[{"id":40273,"href":"https:\/\/www.lintelligentdabidjan.info\/news\/wp-json\/wp\/v2\/posts\/40261\/revisions\/40273"}],"wp:featuredmedia":[{"embeddable":true,"href":"https:\/\/www.lintelligentdabidjan.info\/news\/wp-json\/wp\/v2\/media\/40272"}],"wp:attachment":[{"href":"https:\/\/www.lintelligentdabidjan.info\/news\/wp-json\/wp\/v2\/media?parent=40261"}],"wp:term":[{"taxonomy":"category","embeddable":true,"href":"https:\/\/www.lintelligentdabidjan.info\/news\/wp-json\/wp\/v2\/categories?post=40261"},{"taxonomy":"post_tag","embeddable":true,"href":"https:\/\/www.lintelligentdabidjan.info\/news\/wp-json\/wp\/v2\/tags?post=40261"}],"curies":[{"name":"wp","href":"https:\/\/api.w.org\/{rel}","templated":true}]}}