{"id":40268,"date":"2025-09-22T16:27:02","date_gmt":"2025-09-22T14:27:02","guid":{"rendered":"https:\/\/www.lintelligentdabidjan.info\/news\/?p=40268"},"modified":"2025-09-22T16:28:23","modified_gmt":"2025-09-22T14:28:23","slug":"cote-divoire-save-the-children-dresse-son-bilan","status":"publish","type":"post","link":"https:\/\/www.lintelligentdabidjan.info\/news\/cote-divoire-save-the-children-dresse-son-bilan\/","title":{"rendered":"C\u00f4te d\u2019Ivoire :\u00a0Save the Children dresse son bilan"},"content":{"rendered":"<p>L\u2019ONG Save the Children a organis\u00e9 sa journ\u00e9e annuelle de redevabilit\u00e9 dans ses locaux situ\u00e9s \u00e0 Cocody, le jeudi 18 septembre 2025. Ce rendez-vous, , a permis \u00e0 l\u2019organisation de pr\u00e9senter son bilan pour l\u2019ann\u00e9e budg\u00e9taire 2024, en pr\u00e9sence\u00a0 de partenaires issus du secteur public, du monde diplomatique, des ONG nationales et internationales, ainsi que de repr\u00e9sentants d\u2019enfants et d\u2019agences onusiennes.\u00a0 \u00a0 \u00a0 \u00a0 \u00a0 \u00a0 \u00a0 \u00a0 \u00a0 \u00a0 \u00a0 \u00a0 \u00a0 \u00a0 \u00a0 \u00a0 \u00a0 \u00a0 \u00a0 \u00a0 \u00a0 \u00a0 \u00a0 \u00a0 \u00a0 \u00a0 \u00a0 \u00a0 \u00a0 \u00a0 Pour Akebou Sawadogo, directeur pays de Save the Children, cette journ\u00e9e repr\u00e9sente bien plus qu\u2019un simple exercice de communication. Elle se veut un moment d\u2019\u00e9change franc et constructif avec l\u2019ensemble des parties prenantes engag\u00e9es dans la protection et le bien-\u00eatre des enfants. Il a soulign\u00e9 que cette rencontre est l\u2019occasion non seulement de faire le point sur les r\u00e9alisations de l\u2019ann\u00e9e \u00e9coul\u00e9e, mais aussi de partager les perspectives de l\u2019organisation, de discuter des d\u00e9fis rencontr\u00e9s et, surtout, d\u2019\u00e9couter les partenaires sur la pertinence et l\u2019impact des actions men\u00e9es.<\/p>\n<p>Au c\u0153ur des discussions figurait la situation des enfants en C\u00f4te d\u2019Ivoire, dans toute sa complexit\u00e9. Les \u00e9changes ont port\u00e9 sur des th\u00e9matiques telles que la sant\u00e9, la nutrition, l\u2019\u00e9ducation, la pauvret\u00e9, la protection contre les abus, ainsi que la r\u00e9silience face aux crises et aux conflits. L\u2019ONG a mis en lumi\u00e8re la mani\u00e8re dont ses interventions tiennent compte de la r\u00e9alit\u00e9 des m\u00e9nages, des communaut\u00e9s et des enfants les plus vuln\u00e9rables.<\/p>\n<h2>Le bilan 2024 de l\u2019organisation est particuli\u00e8rement significatif.<\/h2>\n<p>\u00ab Malgr\u00e9 un environnement mondial marqu\u00e9 par une r\u00e9duction des financements pour les causes sociales, Save the Children a pu accompagner pr\u00e8s de deux millions de personnes en C\u00f4te d\u2019Ivoire, dont 1,4 million d\u2019enfants \u00bb, a pr\u00e9cis\u00e9 M. Sawadogo, avant d\u2019ajouter : \u00ab Ces r\u00e9sultats ont \u00e9t\u00e9 rendus possibles gr\u00e2ce \u00e0 une mobilisation continue sur le terrain, en partenariat avec les acteurs locaux et internationaux, et \u00e0 une volont\u00e9 affirm\u00e9e de mettre l\u2019enfant au centre des priorit\u00e9s de d\u00e9veloppement. \u00bb<\/p>\n<p>La journ\u00e9e de redevabilit\u00e9 a permis d\u2019aborder en profondeur les enjeux li\u00e9s \u00e0 l\u2019acc\u00e8s des enfants aux services de base, \u00e0 leur protection en situation de crise, ainsi qu\u2019aux politiques de gouvernance et d\u2019investissement en faveur de l\u2019enfance. Ces \u00e9changes ont ouvert la voie \u00e0 une r\u00e9flexion collective sur les pistes d\u2019am\u00e9lioration, les synergies possibles et l\u2019importance de renforcer les actions commune. Face \u00e0 des d\u00e9fis persistants, Save the Children r\u00e9affirme son engagement \u00e0 poursuivre et intensifier ses efforts. L\u2019organisation met l\u2019accent sur l\u2019inclusivit\u00e9 et la collaboration avec ses partenaires, dans l\u2019objectif de diversifier ses sources de financement et de renforcer l\u2019impact de ses interventions. Elle r\u00e9it\u00e8re son ambition de contribuer \u00e0 b\u00e2tir une soci\u00e9t\u00e9 plus juste, o\u00f9 chaque enfant peut grandir en s\u00e9curit\u00e9, en bonne sant\u00e9 et avec des opportunit\u00e9s d\u2019\u00e9panouissement.<\/p>\n<p><strong>Olivier Dion avec G\u00e9rard Batoua<\/strong><\/p>\n<p>&nbsp;<\/p>\n<p>&nbsp;<\/p>\n<p>Photo : Dr<\/p>\n","protected":false},"excerpt":{"rendered":"<p>L\u2019ONG Save the Children a organis\u00e9 sa journ\u00e9e annuelle de redevabilit\u00e9 dans ses locaux situ\u00e9s \u00e0 Cocody, le jeudi 18 septembre 2025. Ce rendez-vous, , a permis \u00e0 l\u2019organisation de pr\u00e9senter son bilan pour l\u2019ann\u00e9e budg\u00e9taire 2024, en pr\u00e9sence\u00a0 de partenaires issus du secteur public, du monde diplomatique, des ONG nationales et internationales, ainsi que [&hellip;]<\/p>\n","protected":false},"author":4,"featured_media":40269,"comment_status":"closed","ping_status":"closed","sticky":false,"template":"","format":"standard","meta":{"_monsterinsights_skip_tracking":false,"_monsterinsights_sitenote_active":false,"_monsterinsights_sitenote_note":"","_monsterinsights_sitenote_category":0,"footnotes":""},"categories":[2,1],"tags":[],"class_list":["post-40268","post","type-post","status-publish","format-standard","has-post-thumbnail","hentry","category-featured","category-actualites"],"_links":{"self":[{"href":"https:\/\/www.lintelligentdabidjan.info\/news\/wp-json\/wp\/v2\/posts\/40268","targetHints":{"allow":["GET"]}}],"collection":[{"href":"https:\/\/www.lintelligentdabidjan.info\/news\/wp-json\/wp\/v2\/posts"}],"about":[{"href":"https:\/\/www.lintelligentdabidjan.info\/news\/wp-json\/wp\/v2\/types\/post"}],"author":[{"embeddable":true,"href":"https:\/\/www.lintelligentdabidjan.info\/news\/wp-json\/wp\/v2\/users\/4"}],"replies":[{"embeddable":true,"href":"https:\/\/www.lintelligentdabidjan.info\/news\/wp-json\/wp\/v2\/comments?post=40268"}],"version-history":[{"count":1,"href":"https:\/\/www.lintelligentdabidjan.info\/news\/wp-json\/wp\/v2\/posts\/40268\/revisions"}],"predecessor-version":[{"id":40270,"href":"https:\/\/www.lintelligentdabidjan.info\/news\/wp-json\/wp\/v2\/posts\/40268\/revisions\/40270"}],"wp:featuredmedia":[{"embeddable":true,"href":"https:\/\/www.lintelligentdabidjan.info\/news\/wp-json\/wp\/v2\/media\/40269"}],"wp:attachment":[{"href":"https:\/\/www.lintelligentdabidjan.info\/news\/wp-json\/wp\/v2\/media?parent=40268"}],"wp:term":[{"taxonomy":"category","embeddable":true,"href":"https:\/\/www.lintelligentdabidjan.info\/news\/wp-json\/wp\/v2\/categories?post=40268"},{"taxonomy":"post_tag","embeddable":true,"href":"https:\/\/www.lintelligentdabidjan.info\/news\/wp-json\/wp\/v2\/tags?post=40268"}],"curies":[{"name":"wp","href":"https:\/\/api.w.org\/{rel}","templated":true}]}}