{"id":40291,"date":"2025-09-23T10:03:48","date_gmt":"2025-09-23T08:03:48","guid":{"rendered":"https:\/\/www.lintelligentdabidjan.info\/news\/?p=40291"},"modified":"2025-09-23T10:07:38","modified_gmt":"2025-09-23T08:07:38","slug":"bounda-le-centre-de-sante-et-lecole-primaire-renoves-grace-a-leglise-des-saints-des-derniers-jours","status":"publish","type":"post","link":"https:\/\/www.lintelligentdabidjan.info\/news\/bounda-le-centre-de-sante-et-lecole-primaire-renoves-grace-a-leglise-des-saints-des-derniers-jours\/","title":{"rendered":"Bounda : Le centre de sant\u00e9 et l\u2019\u00e9cole primaire\u00a0r\u00e9nov\u00e9s gr\u00e2ce \u00e0 l\u2019\u00c9glise des Saints des Derniers Jours"},"content":{"rendered":"<p>La sous-pr\u00e9fecture de Bounda, dans la r\u00e9gion du Gb\u00eak\u00ea, a r\u00e9ceptionn\u00e9 le samedi 20 septembre 2025 les travaux de r\u00e9habilitation et d\u2019\u00e9quipements du centre de sant\u00e9 rural et de l\u2019\u00c9cole primaire publique (EPP). La c\u00e9r\u00e9monie, parrain\u00e9e par le pr\u00e9sident du Conseil r\u00e9gional du Gb\u00eak\u00ea, Assahor\u00e9 Konan Jacques, s\u2019est tenue dans l\u2019enceinte du centre de sant\u00e9, en pr\u00e9sence des autorit\u00e9s administratives, sanitaires, coutumi\u00e8res, des cadres du village et d\u2019une forte mobilisation populaire.<\/p>\n<p>Ces r\u00e9alisations sont le fruit d\u2019un plaidoyer de la mutuelle de d\u00e9veloppement du village aupr\u00e8s de l\u2019\u00c9glise de J\u00e9sus-Christ des Saints des Derniers Jours, qui a financ\u00e9 et conduit les travaux.<\/p>\n<h2>Des infrastructures modernis\u00e9es<\/h2>\n<p>Au centre de sant\u00e9, la r\u00e9habilitation a concern\u00e9 l\u2019ensemble des b\u00e2timents, y compris la maternit\u00e9, avec la r\u00e9novation des trottoirs, la peinture et l\u2019installation de nouveaux paravents. De nouvelles infrastructures ont \u00e9galement \u00e9t\u00e9 r\u00e9alis\u00e9es : latrines modernes, douches et toilettes \u00e9quip\u00e9es en eau courante, ainsi qu\u2019un pr\u00e9au. Un forage a \u00e9t\u00e9 construit pour garantir l\u2019acc\u00e8s \u00e0 l\u2019eau potable.<\/p>\n<p>Le centre a aussi \u00e9t\u00e9 dot\u00e9 de mat\u00e9riels m\u00e9dicaux (lits d\u2019accouchement, lits de r\u00e9cup\u00e9ration, lits pour nourrissons, lampes chauffantes, tensiom\u00e8tres, balances, otoscopes, bassins de lit, etc.) et de mat\u00e9riels administratifs (ordinateurs, imprimantes, photocopieurs, bureaux et fournitures diverses) pour am\u00e9liorer la qualit\u00e9 des soins et la gestion.<\/p>\n<figure id=\"attachment_40294\" aria-describedby=\"caption-attachment-40294\" style=\"width: 556px\" class=\"wp-caption aligncenter\"><img loading=\"lazy\" decoding=\"async\" class=\" wp-image-40294\" src=\"https:\/\/www.lintelligentdabidjan.info\/news\/wp-content\/uploads\/2025\/09\/2-300x200.jpg\" alt=\"Remise d'infrastructures r\u00e9habilit\u00e9e \u00e0 Bounda \u00a9 : DR\" width=\"556\" height=\"370\" srcset=\"https:\/\/www.lintelligentdabidjan.info\/news\/wp-content\/uploads\/2025\/09\/2-300x200.jpg 300w, https:\/\/www.lintelligentdabidjan.info\/news\/wp-content\/uploads\/2025\/09\/2-1024x683.jpg 1024w, https:\/\/www.lintelligentdabidjan.info\/news\/wp-content\/uploads\/2025\/09\/2-768x512.jpg 768w, https:\/\/www.lintelligentdabidjan.info\/news\/wp-content\/uploads\/2025\/09\/2-1536x1024.jpg 1536w, https:\/\/www.lintelligentdabidjan.info\/news\/wp-content\/uploads\/2025\/09\/2-696x464.jpg 696w, https:\/\/www.lintelligentdabidjan.info\/news\/wp-content\/uploads\/2025\/09\/2-1068x712.jpg 1068w, https:\/\/www.lintelligentdabidjan.info\/news\/wp-content\/uploads\/2025\/09\/2-630x420.jpg 630w, https:\/\/www.lintelligentdabidjan.info\/news\/wp-content\/uploads\/2025\/09\/2.jpg 1686w\" sizes=\"auto, (max-width: 556px) 100vw, 556px\" \/><figcaption id=\"caption-attachment-40294\" class=\"wp-caption-text\">Remise d&#8217;infrastructures r\u00e9habilit\u00e9e \u00e0 Bounda \u00a9 : DR<\/figcaption><\/figure>\n<p>Quant \u00e0 l\u2019\u00e9cole primaire publique de Bounda, les travaux ont port\u00e9 sur la r\u00e9habilitation de deux b\u00e2timents comprenant six salles de classe et un bureau. Les toitures et plafonds ont \u00e9t\u00e9 remplac\u00e9s, les sols et murs r\u00e9nov\u00e9s, les tableaux et portes restaur\u00e9s, et l\u2019ensemble repeint. La pompe \u00e0 eau de l\u2019\u00e9cole a \u00e9t\u00e9 r\u00e9par\u00e9e et des points d\u2019eau suppl\u00e9mentaires install\u00e9s. Une cantine scolaire et un dispositif de lavage des mains ont \u00e9galement \u00e9t\u00e9 construits, accompagn\u00e9s d\u2019une r\u00e9serve d\u2019eau potable et de fournitures scolaires destin\u00e9es aux \u00e9l\u00e8ves.<\/p>\n<h2>T\u00e9moignages de gratitude<\/h2>\n<p>Le pr\u00e9sident de la mutuelle de d\u00e9veloppement, Yao Yako Raymond, a exprim\u00e9 sa reconnaissance : \u00ab <em>Il y a quelque temps, notre \u00e9cole \u00e9tait menac\u00e9e de fermeture. Gr\u00e2ce \u00e0 la bont\u00e9 de Dieu et au soutien de l\u2019\u00c9glise de J\u00e9sus-Christ des Saints des Derniers Jours, ce qui avait \u00e9t\u00e9 promis a \u00e9t\u00e9 r\u00e9alis\u00e9<\/em> \u00bb. Il a aussi annonc\u00e9 la mise \u00e0 disposition de parcelles pour permettre \u00e0 l\u2019\u00c9glise de s\u2019implanter durablement dans le village, une initiative salu\u00e9e par une ovation de la population.<\/p>\n<p>De son c\u00f4t\u00e9, le pr\u00e9sident de la mission de Yamoussoukro, repr\u00e9sentant de l\u2019\u00c9glise, Serges Zadi, a pr\u00e9cis\u00e9 : \u00ab <em>Ces dons sont le fruit des contributions volontaires de nos membres en C\u00f4te d\u2019Ivoire et \u00e0 travers le monde. Notre engagement humanitaire s\u2019inspire des enseignements de J\u00e9sus-Christ, qui a consacr\u00e9 sa vie \u00e0 soigner, enseigner et servir. Nous \u0153uvrons pour soulager la souffrance et am\u00e9liorer les conditions de vie, sans distinction de religion, d\u2019ethnie ou de nationalit\u00e9<\/em> \u00bb.<\/p>\n<p>Le repr\u00e9sentant du directeur d\u00e9partemental de la Sant\u00e9, Dr Ahipo Paul Am\u00e9d\u00e9, m\u00e9decin-chef du centre urbain de Brobo, a assur\u00e9 : \u00ab<em> Nous ferons bon usage de ce don pour administrer des soins de qualit\u00e9 aux habitants de Bounda et \u00e0 l\u2019ensemble des 14 villages de la sous-pr\u00e9fecture<\/em> \u00bb.<\/p>\n<p>La remise des travaux s\u2019est achev\u00e9e par le d\u00e9voilement des plaques comm\u00e9moratives, suivi de la visite des locaux r\u00e9habilit\u00e9s du centre de sant\u00e9 et de l\u2019\u00e9cole.<\/p>\n<p><strong>Nambac\u00e9r\u00e9 Jo\u00ebl\u00a0<\/strong><\/p>\n","protected":false},"excerpt":{"rendered":"<p>La sous-pr\u00e9fecture de Bounda, dans la r\u00e9gion du Gb\u00eak\u00ea, a r\u00e9ceptionn\u00e9 le samedi 20 septembre 2025 les travaux de r\u00e9habilitation et d\u2019\u00e9quipements du centre de sant\u00e9 rural et de l\u2019\u00c9cole primaire publique (EPP). La c\u00e9r\u00e9monie, parrain\u00e9e par le pr\u00e9sident du Conseil r\u00e9gional du Gb\u00eak\u00ea, Assahor\u00e9 Konan Jacques, s\u2019est tenue dans l\u2019enceinte du centre de sant\u00e9, [&hellip;]<\/p>\n","protected":false},"author":4,"featured_media":40293,"comment_status":"closed","ping_status":"closed","sticky":false,"template":"","format":"standard","meta":{"_monsterinsights_skip_tracking":false,"_monsterinsights_sitenote_active":false,"_monsterinsights_sitenote_note":"","_monsterinsights_sitenote_category":0,"footnotes":""},"categories":[2,3],"tags":[],"class_list":["post-40291","post","type-post","status-publish","format-standard","has-post-thumbnail","hentry","category-featured","category-societe"],"_links":{"self":[{"href":"https:\/\/www.lintelligentdabidjan.info\/news\/wp-json\/wp\/v2\/posts\/40291","targetHints":{"allow":["GET"]}}],"collection":[{"href":"https:\/\/www.lintelligentdabidjan.info\/news\/wp-json\/wp\/v2\/posts"}],"about":[{"href":"https:\/\/www.lintelligentdabidjan.info\/news\/wp-json\/wp\/v2\/types\/post"}],"author":[{"embeddable":true,"href":"https:\/\/www.lintelligentdabidjan.info\/news\/wp-json\/wp\/v2\/users\/4"}],"replies":[{"embeddable":true,"href":"https:\/\/www.lintelligentdabidjan.info\/news\/wp-json\/wp\/v2\/comments?post=40291"}],"version-history":[{"count":2,"href":"https:\/\/www.lintelligentdabidjan.info\/news\/wp-json\/wp\/v2\/posts\/40291\/revisions"}],"predecessor-version":[{"id":40296,"href":"https:\/\/www.lintelligentdabidjan.info\/news\/wp-json\/wp\/v2\/posts\/40291\/revisions\/40296"}],"wp:featuredmedia":[{"embeddable":true,"href":"https:\/\/www.lintelligentdabidjan.info\/news\/wp-json\/wp\/v2\/media\/40293"}],"wp:attachment":[{"href":"https:\/\/www.lintelligentdabidjan.info\/news\/wp-json\/wp\/v2\/media?parent=40291"}],"wp:term":[{"taxonomy":"category","embeddable":true,"href":"https:\/\/www.lintelligentdabidjan.info\/news\/wp-json\/wp\/v2\/categories?post=40291"},{"taxonomy":"post_tag","embeddable":true,"href":"https:\/\/www.lintelligentdabidjan.info\/news\/wp-json\/wp\/v2\/tags?post=40291"}],"curies":[{"name":"wp","href":"https:\/\/api.w.org\/{rel}","templated":true}]}}