{"id":40323,"date":"2025-09-24T10:39:40","date_gmt":"2025-09-24T08:39:40","guid":{"rendered":"https:\/\/www.lintelligentdabidjan.info\/news\/?p=40323"},"modified":"2025-09-24T10:39:52","modified_gmt":"2025-09-24T08:39:52","slug":"presidentielle-2025-yamoussoukro-ce-que-preparent-augustin-thiam-et-souleymane-diarrassouba","status":"publish","type":"post","link":"https:\/\/www.lintelligentdabidjan.info\/news\/presidentielle-2025-yamoussoukro-ce-que-preparent-augustin-thiam-et-souleymane-diarrassouba\/","title":{"rendered":"Pr\u00e9sidentielle 2025 &#8211; Yamoussoukro : Ce que pr\u00e9parent Augustin Thiam et Souleymane Diarrassouba"},"content":{"rendered":"<p>Au terme de sa rencontre avec le chef central de la communaut\u00e9 du Korodougou (Tieningbou\u00e9, Marandallah et Bouandougou) et sa d\u00e9l\u00e9gation vivant \u00e0 Yamoussoukro, le mardi 23 septembre 2025, \u00e0 sa r\u00e9sidence principale du quartier Millionnaire de la capitale politique, le ministre, gouverneur Augustin Thiam a partag\u00e9 avec la presse la vision qu\u2019il porte, aux c\u00f4t\u00e9s du ministre du Commerce, Souleymane Diarrassouba, directeur r\u00e9gional de campagne du candidat Alassane Ouattara.<\/p>\n<p>Les deux personnalit\u00e9s entendent engager, dans les jours \u00e0 venir, des actions visant \u00e0 \u00e9viter la r\u00e9p\u00e9tition des violences survenues \u00e0 Yamoussoukro lors de la pr\u00e9sidentielle de 2020, et \u00e0 garantir que l\u2019\u00e9lection du 25 octobre prochain se d\u00e9roule dans un climat de coh\u00e9sion, de paix, de concorde et d\u2019entente entre tous les habitants. \u00ab <em>Et cela, a insist\u00e9 Augustin Thiam, en dehors de toute connotation politique.<\/em> \u00bb<\/p>\n<p>Le ministre-gouverneur a lanc\u00e9 un appel appuy\u00e9 au vivre-ensemble : \u00ab (\u2026) <em>Nous devons vivre ensemble, apprendre \u00e0 nous tol\u00e9rer les uns les autres, accepter nos diff\u00e9rences et tirer de chacun ce qu\u2019il y a de meilleur pour faciliter la coh\u00e9sion. Nous avons commenc\u00e9 avec les Koro, nous le ferons avec d\u2019autres groupes pr\u00e9sents \u00e0 Yamoussoukro. J\u2019ai rencontr\u00e9 mon jeune fr\u00e8re Souleymane Diarrassouba, le samedi 20 septembre dernier, et nous m\u00e8nerons ensemble des actions communes. Le rassemblement de toutes les chefferies, tant baoul\u00e9 que non baoul\u00e9, se fera autour d\u2019un seul et unique message : un message de paix et de concorde. Nous ferons tout pour le rendre possible.<\/em> \u00bb<\/p>\n<p>Poursuivant son propos, il a insist\u00e9 sur la force de la conviction : \u00ab <em>Si d\u00e8s le d\u00e9part vous doutez de votre r\u00eave, il a peu de chance de se r\u00e9aliser. Si vous voulez que ceux qui vous \u00e9coutent aient la foi, vous devez d\u2019abord commencer par y croire vous-m\u00eames. Nous avons la foi dans ce que nous disons et d\u00e9fendons : la paix, la concorde, l\u2019entente entre les \u00eatres humains. Aucune volont\u00e9 n\u00e9gative ne peut r\u00e9sister \u00e0 un discours d\u2019apaisement. \u00c0 nous de ne pas nous d\u00e9courager, de r\u00e9p\u00e9ter inlassablement ce message, car la r\u00e9p\u00e9tition a des vertus p\u00e9dagogiques. \u00bb<\/em><\/p>\n<p>Enfin, il a conclu par une r\u00e9f\u00e9rence biblique : \u00ab <em>On dit souvent qu\u2019il est difficile pour un chr\u00e9tien d\u2019aimer son prochain comme soi-m\u00eame. Mais c\u2019est encore plus exigeant d\u2019aimer son ennemi, de prier pour ceux qui vous maudissent, de faire du bien \u00e0 ceux qui vous font du mal. C\u2019est peut-\u00eatre \u00e0 ce moment que l\u2019on devient vraiment religieux. C\u2019est cet effort que nous allons entreprendre.<\/em> \u00bb<\/p>\n<p>Quant \u00e0 la rencontre du jour, les h\u00f4tes d\u2019Augustin Thiam sont venus lui exprimer leur reconnaissance pour sa participation active, le 23 ao\u00fbt dernier, \u00e0 l\u2019intronisation de leur chef central. Par la voix de leur porte-parole, Fofana Karim, ils ont salu\u00e9 le geste du ministre, chef canton des Akou\u00e9 de Yamoussoukro.<\/p>\n<p>\u00ab <em>Au vu de tous ces actes, notre pr\u00e9sence ce jour traduit notre immense gratitude envers vous et, \u00e0 travers vous, toute votre illustre d\u00e9l\u00e9gation. Nous, communaut\u00e9 du Korodougou, demeurons \u00e0 votre enti\u00e8re disposition pour vous accompagner dans la poursuite de l\u2019\u0153uvre de paix et de coh\u00e9sion sociale initi\u00e9e par le p\u00e8re fondateur de la C\u00f4te d\u2019Ivoire moderne, le pr\u00e9sident F\u00e9lix Houphou\u00ebt-Boigny<\/em> \u00bb, a d\u00e9clar\u00e9 leur porte-parole.<\/p>\n<p>Harry Diallo, depuis Yamoussoukro<\/p>\n","protected":false},"excerpt":{"rendered":"<p>Au terme de sa rencontre avec le chef central de la communaut\u00e9 du Korodougou (Tieningbou\u00e9, Marandallah et Bouandougou) et sa d\u00e9l\u00e9gation vivant \u00e0 Yamoussoukro, le mardi 23 septembre 2025, \u00e0 sa r\u00e9sidence principale du quartier Millionnaire de la capitale politique, le ministre, gouverneur Augustin Thiam a partag\u00e9 avec la presse la vision qu\u2019il porte, aux [&hellip;]<\/p>\n","protected":false},"author":4,"featured_media":40324,"comment_status":"closed","ping_status":"closed","sticky":false,"template":"","format":"standard","meta":{"footnotes":""},"categories":[2,17],"tags":[],"class_list":["post-40323","post","type-post","status-publish","format-standard","has-post-thumbnail","hentry","category-featured","category-politique"],"_links":{"self":[{"href":"https:\/\/www.lintelligentdabidjan.info\/news\/wp-json\/wp\/v2\/posts\/40323","targetHints":{"allow":["GET"]}}],"collection":[{"href":"https:\/\/www.lintelligentdabidjan.info\/news\/wp-json\/wp\/v2\/posts"}],"about":[{"href":"https:\/\/www.lintelligentdabidjan.info\/news\/wp-json\/wp\/v2\/types\/post"}],"author":[{"embeddable":true,"href":"https:\/\/www.lintelligentdabidjan.info\/news\/wp-json\/wp\/v2\/users\/4"}],"replies":[{"embeddable":true,"href":"https:\/\/www.lintelligentdabidjan.info\/news\/wp-json\/wp\/v2\/comments?post=40323"}],"version-history":[{"count":1,"href":"https:\/\/www.lintelligentdabidjan.info\/news\/wp-json\/wp\/v2\/posts\/40323\/revisions"}],"predecessor-version":[{"id":40325,"href":"https:\/\/www.lintelligentdabidjan.info\/news\/wp-json\/wp\/v2\/posts\/40323\/revisions\/40325"}],"wp:featuredmedia":[{"embeddable":true,"href":"https:\/\/www.lintelligentdabidjan.info\/news\/wp-json\/wp\/v2\/media\/40324"}],"wp:attachment":[{"href":"https:\/\/www.lintelligentdabidjan.info\/news\/wp-json\/wp\/v2\/media?parent=40323"}],"wp:term":[{"taxonomy":"category","embeddable":true,"href":"https:\/\/www.lintelligentdabidjan.info\/news\/wp-json\/wp\/v2\/categories?post=40323"},{"taxonomy":"post_tag","embeddable":true,"href":"https:\/\/www.lintelligentdabidjan.info\/news\/wp-json\/wp\/v2\/tags?post=40323"}],"curies":[{"name":"wp","href":"https:\/\/api.w.org\/{rel}","templated":true}]}}