{"id":40349,"date":"2025-09-25T11:09:22","date_gmt":"2025-09-25T09:09:22","guid":{"rendered":"https:\/\/www.lintelligentdabidjan.info\/news\/?p=40349"},"modified":"2025-09-25T11:09:33","modified_gmt":"2025-09-25T09:09:33","slug":"investiture-du-nouveau-sg-du-synadeep-ci-pour-5-ans-francois-bakahuin-devoile-ses-trois-actions-prioritaires-pour-le-bien-des-educateurs-permanents","status":"publish","type":"post","link":"https:\/\/www.lintelligentdabidjan.info\/news\/investiture-du-nouveau-sg-du-synadeep-ci-pour-5-ans-francois-bakahuin-devoile-ses-trois-actions-prioritaires-pour-le-bien-des-educateurs-permanents\/","title":{"rendered":"Investiture du nouveau SG du SYNADEEP-CI pour 5 ans : Fran\u00e7ois Bakahuin d\u00e9voile ses trois actions prioritaires pour le bien des \u00e9ducateurs permanents"},"content":{"rendered":"<p>Fran\u00e7ois Bakahuin Kouman, \u00e0 l&#8217;occasion de son investiture en tant que nouveau Secr\u00e9taire G\u00e9n\u00e9ral du SYNADEEP-CI pour un mandat de 5 ans, a pr\u00e9sent\u00e9 les trois actions prioritaires qu&#8217;il compte mettre en \u0153uvre pour le bien des \u00e9ducateurs permanents.<\/p>\n<p>\u00c9lu le 9 mai 2025 lors d\u2019une Assembl\u00e9e g\u00e9n\u00e9rale \u00e9lective \u00e0 la Bourse du Travail \u00e0 Abidjan-Treichville, Fran\u00e7ois Bakahuin Yao Kouman est d\u00e9sormais le Secr\u00e9taire G\u00e9n\u00e9ral national du Syndicat national des enseignants d\u2019\u00e9ducation permanente de C\u00f4te d\u2019Ivoire (SYNADEEP-CI). Selon les informations re\u00e7ues, il a \u00e9t\u00e9 investi le vendredi 19 septembre 2025, lors d\u2019une c\u00e9r\u00e9monie organis\u00e9e \u00e0 cet effet \u00e0 l\u2019\u00c9cole normale sup\u00e9rieure de l\u2019\u00c9ducation Permanente (ENSEP), au sein de l\u2019Institut national de la jeunesse et des sports (INJS) \u00e0 Abidjan-Marcory. Il a saisi cette occasion pour pr\u00e9senter son plan d\u2019action, qu\u2019il a r\u00e9sum\u00e9 en trois axes prioritaires :<\/p>\n<p>\u0152uvrer pour la solidarit\u00e9 et l\u2019unit\u00e9, afin de garantir \u00e0 chaque membre du syndicat une attention particuli\u00e8re et une place de choix dans la d\u00e9marche syndicale de la structure ; Assurer une gestion transparente et responsable, en g\u00e9rant les affaires syndicales avec int\u00e9grit\u00e9, rigueur et clart\u00e9 ; Promouvoir l\u2019\u00e9ducation permanente, en travaillant avec l\u2019ensemble des partenaires pour valoriser le m\u00e9tier d\u2019\u00e9ducateur permanent et am\u00e9liorer les conditions de travail des membres.<\/p>\n<p>\u00ab <em>Cette investiture ne constitue pas une simple formalit\u00e9 ni une \u00e9tape protocolaire, mais un appel solennel \u00e0 l\u2019action collective et \u00e0 l\u2019engagement de toutes et de tous. Je vous invite \u00e0 marcher \u00e0 mes c\u00f4t\u00e9s, \u00e0 enrichir notre d\u00e9marche par vos id\u00e9es, vos critiques constructives, vos propositions et votre mobilisation. (\u2026) En tant que Secr\u00e9taire G\u00e9n\u00e9ral nouvellement investi, je prends l\u2019engagement d\u2019\u00eatre un dirigeant \u00e0 l\u2019\u00e9coute, un artisan du dialogue et un acteur de terrain r\u00e9solument engag\u00e9. Je veillerai \u00e0 ce que le SYNADEEP-CI demeure un syndicat d\u2019union, de solidarit\u00e9 et de prosp\u00e9rit\u00e9<\/em> \u00bb, a-t-il d\u00e9clar\u00e9.<\/p>\n<p>Il succ\u00e8de \u00e0 Marie Jeanne Kombo, la Secr\u00e9taire G\u00e9n\u00e9rale sortante, qui a dirig\u00e9 le syndicat pendant 20 ans. Cette derni\u00e8re a salu\u00e9 son \u00e9lection et lui a souhait\u00e9 plein succ\u00e8s dans sa nouvelle mission. Elle a rappel\u00e9 aux membres du syndicat que leur organisation est affili\u00e9e \u00e0 l\u2019Union g\u00e9n\u00e9rale des travailleurs de C\u00f4te d\u2019Ivoire (UGTCI). Marie Jeanne Kombo a ainsi invit\u00e9 les syndiqu\u00e9s \u00e0 faire confiance \u00e0 leur nouveau dirigeant et \u00e0 rester \u00e0 son \u00e9coute.<\/p>\n<p>Jean-Hubert Koffo<\/p>\n","protected":false},"excerpt":{"rendered":"<p>Fran\u00e7ois Bakahuin Kouman, \u00e0 l&#8217;occasion de son investiture en tant que nouveau Secr\u00e9taire G\u00e9n\u00e9ral du SYNADEEP-CI pour un mandat de 5 ans, a pr\u00e9sent\u00e9 les trois actions prioritaires qu&#8217;il compte mettre en \u0153uvre pour le bien des \u00e9ducateurs permanents. \u00c9lu le 9 mai 2025 lors d\u2019une Assembl\u00e9e g\u00e9n\u00e9rale \u00e9lective \u00e0 la Bourse du Travail \u00e0 [&hellip;]<\/p>\n","protected":false},"author":4,"featured_media":40351,"comment_status":"closed","ping_status":"closed","sticky":false,"template":"","format":"standard","meta":{"_monsterinsights_skip_tracking":false,"_monsterinsights_sitenote_active":false,"_monsterinsights_sitenote_note":"","_monsterinsights_sitenote_category":0,"footnotes":""},"categories":[2,3],"tags":[],"class_list":["post-40349","post","type-post","status-publish","format-standard","has-post-thumbnail","hentry","category-featured","category-societe"],"_links":{"self":[{"href":"https:\/\/www.lintelligentdabidjan.info\/news\/wp-json\/wp\/v2\/posts\/40349","targetHints":{"allow":["GET"]}}],"collection":[{"href":"https:\/\/www.lintelligentdabidjan.info\/news\/wp-json\/wp\/v2\/posts"}],"about":[{"href":"https:\/\/www.lintelligentdabidjan.info\/news\/wp-json\/wp\/v2\/types\/post"}],"author":[{"embeddable":true,"href":"https:\/\/www.lintelligentdabidjan.info\/news\/wp-json\/wp\/v2\/users\/4"}],"replies":[{"embeddable":true,"href":"https:\/\/www.lintelligentdabidjan.info\/news\/wp-json\/wp\/v2\/comments?post=40349"}],"version-history":[{"count":1,"href":"https:\/\/www.lintelligentdabidjan.info\/news\/wp-json\/wp\/v2\/posts\/40349\/revisions"}],"predecessor-version":[{"id":40352,"href":"https:\/\/www.lintelligentdabidjan.info\/news\/wp-json\/wp\/v2\/posts\/40349\/revisions\/40352"}],"wp:featuredmedia":[{"embeddable":true,"href":"https:\/\/www.lintelligentdabidjan.info\/news\/wp-json\/wp\/v2\/media\/40351"}],"wp:attachment":[{"href":"https:\/\/www.lintelligentdabidjan.info\/news\/wp-json\/wp\/v2\/media?parent=40349"}],"wp:term":[{"taxonomy":"category","embeddable":true,"href":"https:\/\/www.lintelligentdabidjan.info\/news\/wp-json\/wp\/v2\/categories?post=40349"},{"taxonomy":"post_tag","embeddable":true,"href":"https:\/\/www.lintelligentdabidjan.info\/news\/wp-json\/wp\/v2\/tags?post=40349"}],"curies":[{"name":"wp","href":"https:\/\/api.w.org\/{rel}","templated":true}]}}