{"id":40358,"date":"2025-09-26T10:23:52","date_gmt":"2025-09-26T08:23:52","guid":{"rendered":"https:\/\/www.lintelligentdabidjan.info\/news\/?p=40358"},"modified":"2025-09-26T10:23:52","modified_gmt":"2025-09-26T08:23:52","slug":"lintelligent-en-pdf-digitalisation-et-transition-numerique-vers-des-services-publics-zero-papier-en-cote-divoire","status":"publish","type":"post","link":"https:\/\/www.lintelligentdabidjan.info\/news\/lintelligent-en-pdf-digitalisation-et-transition-numerique-vers-des-services-publics-zero-papier-en-cote-divoire\/","title":{"rendered":"L&#8217;Intelligent en PDF : Digitalisation et transition num\u00e9rique &#8211; Vers des services publics z\u00e9ro papier en C\u00f4te d&#8217;Ivoire"},"content":{"rendered":"<p dir=\"ltr\">Douze administrations publiques ivoiriennes cibl\u00e9es par le ministre Ibrahim Kalil Konat\u00e9 vont d\u00e9marrer le projet de mise en place de la plateforme d&#8217;interop\u00e9rabilit\u00e9 en C\u00f4te d&#8217;Ivoire, avec pour objectif d\u2019atteindre le z\u00e9ro papier d&#8217;ici \u00e0 2030. Ibrahim Kalil Konat\u00e9, ministre de la Transition num\u00e9rique et de la Digitalisation, a lanc\u00e9, le jeudi 25 septembre 2025 \u00e0 Abidjan, le projet de mise en place de la plateforme d&#8217;interop\u00e9rabilit\u00e9 de l&#8217;administration ivoirienne.<\/p>\n<p dir=\"ltr\">\u200eLa suite \u00e0 d\u00e9couvrir dans vos kiosques et en ligne sur&#8230;<\/p>\n<p><a href=\"https:\/\/news.abidjan.net\/titrologie\/39-lintelligent-dabidjan\/articles\">https:\/\/news.abidjan.net\/titrologie\/39-lintelligent-dabidjan\/articles<\/a><\/p>\n<p dir=\"ltr\">\u00a0\u00c0 lire aussi<\/p>\n<p dir=\"ltr\">\u2713 Les champions de la victoire de Ouattara pr\u00e9sent\u00e9s<\/p>\n<p dir=\"ltr\">\u2713 La solidarit\u00e9 en actes concrets \u00e0 Audoin Songon hier<\/p>\n<p dir=\"ltr\">\u2713 18 000 gendarmes, 18 000 policiers et 8 000 militaires pour la s\u00e9curisation de la Pr\u00e9sidentielle 2025<\/p>\n<p dir=\"ltr\">\u2713\u00a0 De l\u2019eau potable \u00e0 Nangokro dans le d\u00e9partement de\u00a0 Bocanda.<\/p>\n<p dir=\"ltr\">Cliquez pour les d\u00e9tails<\/p>\n<p dir=\"ltr\"><a href=\"https:\/\/www.afrikipresse.fr\/abonnement\">https:\/\/www.afrikipresse.fr\/abonnement<\/a><\/p>\n<p dir=\"ltr\">\u00c0 consulter \u00e9galement &#8230;<\/p>\n<p dir=\"ltr\"><a href=\"https:\/\/www.pressecotedivoire.fr\/titrologie\">https:\/\/www.pressecotedivoire.fr\/titrologie<\/a><\/p>\n<p dir=\"ltr\">\u2713 Adama Bictogo peaufine la victoire de Ouattara dans le G\u00f4h-Djiboua N\u2019Guettia<\/p>\n<p dir=\"ltr\">\u2713 Kouam\u00e9 situe les enjeux de l&#8217; Osep<\/p>\n<p>&nbsp;<\/p>\n","protected":false},"excerpt":{"rendered":"<p>Douze administrations publiques ivoiriennes cibl\u00e9es par le ministre Ibrahim Kalil Konat\u00e9 vont d\u00e9marrer le projet de mise en place de la plateforme d&#8217;interop\u00e9rabilit\u00e9 en C\u00f4te d&#8217;Ivoire, avec pour objectif d\u2019atteindre le z\u00e9ro papier d&#8217;ici \u00e0 2030. Ibrahim Kalil Konat\u00e9, ministre de la Transition num\u00e9rique et de la Digitalisation, a lanc\u00e9, le jeudi 25 septembre 2025 [&hellip;]<\/p>\n","protected":false},"author":4,"featured_media":40362,"comment_status":"closed","ping_status":"closed","sticky":false,"template":"","format":"standard","meta":{"_monsterinsights_skip_tracking":false,"_monsterinsights_sitenote_active":false,"_monsterinsights_sitenote_note":"","_monsterinsights_sitenote_category":0,"footnotes":""},"categories":[2,1],"tags":[],"class_list":["post-40358","post","type-post","status-publish","format-standard","has-post-thumbnail","hentry","category-featured","category-actualites"],"_links":{"self":[{"href":"https:\/\/www.lintelligentdabidjan.info\/news\/wp-json\/wp\/v2\/posts\/40358","targetHints":{"allow":["GET"]}}],"collection":[{"href":"https:\/\/www.lintelligentdabidjan.info\/news\/wp-json\/wp\/v2\/posts"}],"about":[{"href":"https:\/\/www.lintelligentdabidjan.info\/news\/wp-json\/wp\/v2\/types\/post"}],"author":[{"embeddable":true,"href":"https:\/\/www.lintelligentdabidjan.info\/news\/wp-json\/wp\/v2\/users\/4"}],"replies":[{"embeddable":true,"href":"https:\/\/www.lintelligentdabidjan.info\/news\/wp-json\/wp\/v2\/comments?post=40358"}],"version-history":[{"count":1,"href":"https:\/\/www.lintelligentdabidjan.info\/news\/wp-json\/wp\/v2\/posts\/40358\/revisions"}],"predecessor-version":[{"id":40363,"href":"https:\/\/www.lintelligentdabidjan.info\/news\/wp-json\/wp\/v2\/posts\/40358\/revisions\/40363"}],"wp:featuredmedia":[{"embeddable":true,"href":"https:\/\/www.lintelligentdabidjan.info\/news\/wp-json\/wp\/v2\/media\/40362"}],"wp:attachment":[{"href":"https:\/\/www.lintelligentdabidjan.info\/news\/wp-json\/wp\/v2\/media?parent=40358"}],"wp:term":[{"taxonomy":"category","embeddable":true,"href":"https:\/\/www.lintelligentdabidjan.info\/news\/wp-json\/wp\/v2\/categories?post=40358"},{"taxonomy":"post_tag","embeddable":true,"href":"https:\/\/www.lintelligentdabidjan.info\/news\/wp-json\/wp\/v2\/tags?post=40358"}],"curies":[{"name":"wp","href":"https:\/\/api.w.org\/{rel}","templated":true}]}}