{"id":40378,"date":"2025-09-29T06:57:33","date_gmt":"2025-09-29T04:57:33","guid":{"rendered":"https:\/\/www.lintelligentdabidjan.info\/news\/?p=40378"},"modified":"2025-09-29T06:57:49","modified_gmt":"2025-09-29T04:57:49","slug":"lutte-contre-la-rage-les-journalistes-formes-pour-renforcer-la-sensibilisation","status":"publish","type":"post","link":"https:\/\/www.lintelligentdabidjan.info\/news\/lutte-contre-la-rage-les-journalistes-formes-pour-renforcer-la-sensibilisation\/","title":{"rendered":"Lutte contre la rage : les journalistes form\u00e9s pour renforcer la sensibilisation"},"content":{"rendered":"<p><em><strong>En pr\u00e9lude \u00e0 la c\u00e9l\u00e9bration de la Journ\u00e9e mondiale de la lutte contre la rage 2025, le minist\u00e8re des Ressources animales et halieutiques (MIRAH), \u00e0 travers la Direction des services v\u00e9t\u00e9rinaires et du bien-\u00eatre animal (DSVBA), en collaboration avec l\u2019Institut national de l\u2019hygi\u00e8ne publique (INHP) du minist\u00e8re de la Sant\u00e9, de l\u2019Hygi\u00e8ne publique et de la Couverture maladie universelle (MSHPCMU), a organis\u00e9 un atelier de formation \u00e0 l\u2019attention des journalistes, le vendredi 26 septembre 2025, \u00e0 Abidjan-Plateau.<\/strong><\/em><\/p>\n<p>Cet atelier visait \u00e0 renforcer les capacit\u00e9s des professionnels des m\u00e9dias afin qu\u2019ils puissent contribuer efficacement \u00e0 la sensibilisation du grand public et des parties prenantes sur les enjeux li\u00e9s \u00e0 cette maladie. Plac\u00e9e sous le th\u00e8me national : \u00ab Tous ensemble, agissons pour z\u00e9ro mort de rage en C\u00f4te d\u2019Ivoire \u00bb, la c\u00e9l\u00e9bration officielle de cette journ\u00e9e se tiendra dans la commune d\u2019Abobo, le mardi 30 septembre 2025. L\u2019\u00e9v\u00e9nement est coorganis\u00e9 par le MIRAH et le MSHPCMU. \u00c0 cette occasion, plusieurs actions sont pr\u00e9vues, notamment une campagne de vaccination de masse des chiens avec un objectif de 70 % de couverture vaccinale, soit environ 20 000 chiens dans la commune d\u2019Abobo. Le contr\u00f4le des animaux errants est \u00e9galement au programme \u00e0 travers leur st\u00e9rilisation, leur vaccination, un h\u00e9bergement temporaire, puis leur rel\u00e2chement apr\u00e8s marquage. <\/p>\n<p>Selon le Dr Kallo Vessaly, directeur des Services v\u00e9t\u00e9rinaires au Mirah, la rage est responsable de 59 000 d\u00e9c\u00e8s humains chaque ann\u00e9e dans le monde, dont 99 % des cas sont dus \u00e0 des morsures de chiens. Plus de 95 % des d\u00e9c\u00e8s surviennent en Afrique et en Asie, principalement dans les zones rurales, et quatre victimes sur dix sont des enfants. En C\u00f4te d\u2019Ivoire, entre 2021 et 2024, 62 cas de rage animale ont \u00e9t\u00e9 confirm\u00e9s, soit un taux de positivit\u00e9 de 65,96 %, avec 185 personnes expos\u00e9es. Pour l\u2019ann\u00e9e 2025, 18 cas de rage humaine confirm\u00e9s ou probables ont d\u00e9j\u00e0 \u00e9t\u00e9 recens\u00e9s. La population canine est estim\u00e9e \u00e0 1,5 million, mais la couverture vaccinale reste faible, autour de 12 %. Pourtant, la rage est une maladie 100 % \u00e9vitable et la vaccination des chiens constitue la solution la plus efficace pour prot\u00e9ger les populations humaines. Selon les sp\u00e9cialistes, en cas de morsure, il est recommand\u00e9 de laver imm\u00e9diatement la plaie avec de l\u2019eau et du savon pendant au moins 15 minutes, puis de se rendre \u00e0 l\u2019h\u00f4pital. En outre, il est important de signaler tout cas suspect aux services v\u00e9t\u00e9rinaires ou via le num\u00e9ro vert : 800 200 38. Les parents sont appel\u00e9s \u00e0 prot\u00e9ger les enfants en les sensibilisant \u00e0 ne pas jouer avec les chiens errants. Pour lutter efficacement contre la rage, la C\u00f4te d\u2019Ivoire a adopt\u00e9 plusieurs mesures majeures, dont la mise en \u0153uvre depuis juillet 2024 d\u2019un protocole de vaccination humaine intradermique raccourci recommand\u00e9 par l\u2019OMS, la r\u00e9duction du co\u00fbt du vaccin pour les humains de 40 000 FCFA \u00e0 12 000 FCFA, et la gratuit\u00e9 prochaine de ces vaccins pr\u00e9vue d\u2019ici 2026 gr\u00e2ce \u00e0 l\u2019appui de Gavi, l\u2019Alliance du vaccin. \u00c0 cela s\u2019ajoute la vaccination subventionn\u00e9e des carnivores domestiques avec le soutien de l\u2019OMSA (Organisation mondiale de la sant\u00e9 animale). Pour rappel, la C\u00f4te d\u2019Ivoire enregistre encore environ 30 d\u00e9c\u00e8s humains dus \u00e0 la rage chaque ann\u00e9e. La maladie est caus\u00e9e par le Lyssavirus, appartenant \u00e0 la famille des Rhabdoviridae.<\/p>\n<p><strong>Mamadou Ouattara avec Ly Abdul<\/strong><\/p>\n","protected":false},"excerpt":{"rendered":"<p>En pr\u00e9lude \u00e0 la c\u00e9l\u00e9bration de la Journ\u00e9e mondiale de la lutte contre la rage 2025, le minist\u00e8re des Ressources animales et halieutiques (MIRAH), \u00e0 travers la Direction des services v\u00e9t\u00e9rinaires et du bien-\u00eatre animal (DSVBA), en collaboration avec l\u2019Institut national de l\u2019hygi\u00e8ne publique (INHP) du minist\u00e8re de la Sant\u00e9, de l\u2019Hygi\u00e8ne publique et de [&hellip;]<\/p>\n","protected":false},"author":4,"featured_media":40379,"comment_status":"closed","ping_status":"closed","sticky":false,"template":"","format":"standard","meta":{"_monsterinsights_skip_tracking":false,"_monsterinsights_sitenote_active":false,"_monsterinsights_sitenote_note":"","_monsterinsights_sitenote_category":0,"footnotes":""},"categories":[2,3],"tags":[6180,6000,2658,3990,515],"class_list":["post-40378","post","type-post","status-publish","format-standard","has-post-thumbnail","hentry","category-featured","category-societe","tag-la-rage","tag-les-journalistes","tag-lutte","tag-renforcer","tag-sensibilisation"],"_links":{"self":[{"href":"https:\/\/www.lintelligentdabidjan.info\/news\/wp-json\/wp\/v2\/posts\/40378","targetHints":{"allow":["GET"]}}],"collection":[{"href":"https:\/\/www.lintelligentdabidjan.info\/news\/wp-json\/wp\/v2\/posts"}],"about":[{"href":"https:\/\/www.lintelligentdabidjan.info\/news\/wp-json\/wp\/v2\/types\/post"}],"author":[{"embeddable":true,"href":"https:\/\/www.lintelligentdabidjan.info\/news\/wp-json\/wp\/v2\/users\/4"}],"replies":[{"embeddable":true,"href":"https:\/\/www.lintelligentdabidjan.info\/news\/wp-json\/wp\/v2\/comments?post=40378"}],"version-history":[{"count":1,"href":"https:\/\/www.lintelligentdabidjan.info\/news\/wp-json\/wp\/v2\/posts\/40378\/revisions"}],"predecessor-version":[{"id":40380,"href":"https:\/\/www.lintelligentdabidjan.info\/news\/wp-json\/wp\/v2\/posts\/40378\/revisions\/40380"}],"wp:featuredmedia":[{"embeddable":true,"href":"https:\/\/www.lintelligentdabidjan.info\/news\/wp-json\/wp\/v2\/media\/40379"}],"wp:attachment":[{"href":"https:\/\/www.lintelligentdabidjan.info\/news\/wp-json\/wp\/v2\/media?parent=40378"}],"wp:term":[{"taxonomy":"category","embeddable":true,"href":"https:\/\/www.lintelligentdabidjan.info\/news\/wp-json\/wp\/v2\/categories?post=40378"},{"taxonomy":"post_tag","embeddable":true,"href":"https:\/\/www.lintelligentdabidjan.info\/news\/wp-json\/wp\/v2\/tags?post=40378"}],"curies":[{"name":"wp","href":"https:\/\/api.w.org\/{rel}","templated":true}]}}