{"id":40387,"date":"2025-09-29T07:10:07","date_gmt":"2025-09-29T05:10:07","guid":{"rendered":"https:\/\/www.lintelligentdabidjan.info\/news\/?p=40387"},"modified":"2025-09-29T07:10:28","modified_gmt":"2025-09-29T05:10:28","slug":"bouake-long-la-maison-curtis-sengage-pour-la-reinsertion-des-femmes-en-difficulte","status":"publish","type":"post","link":"https:\/\/www.lintelligentdabidjan.info\/news\/bouake-long-la-maison-curtis-sengage-pour-la-reinsertion-des-femmes-en-difficulte\/","title":{"rendered":"Bouak\u00e9- L\u2019ong \u2018\u2019 La Maison Curtis\u2019\u2019 s\u2019engage pour la r\u00e9insertion des femmes en difficult\u00e9"},"content":{"rendered":"<p><em><strong>Selon une note d\u2019information parvenue \u00e0 notre r\u00e9daction, l\u2019ong \u2018\u2019La Maison Curtis\u2019\u2019 a officiellement inaugur\u00e9, le jeudi 25 septembre 2025, son si\u00e8ge social dans le quartier Ahougnanssou de Bouak\u00e9. Cette structure se donne pour mission d\u2019accompagner les femmes souffrant de troubles mentaux \u00e0 travers la prise en charge, la gu\u00e9rison et surtout la r\u00e9insertion sociale. <\/strong><\/em><br \/>\nL\u2019\u00e9v\u00e9nement a r\u00e9uni plusieurs autorit\u00e9s administratives, acteurs de la soci\u00e9t\u00e9 civile et partenaires techniques, venus t\u00e9moigner leur soutien \u00e0 cette initiative. \u00c0 cette occasion, Christian Kremet, pr\u00e9sident de l\u2019ong a rappel\u00e9 que cette inauguration constitue une \u00e9tape majeure dans la mise en \u0153uvre d\u2019un vaste programme de soutien aux femmes vuln\u00e9rables :<\/p>\n<p> \u00ab La Maison Curtis se veut un espace de soins, d\u2019\u00e9coute et de reconstruction. Nous lan\u00e7ons un appel aux bonnes volont\u00e9s, aux institutions et aux partenaires afin de nous accompagner dans cette mission. Chaque geste compte pour offrir une seconde chance \u00e0 ces femmes \u00bb, a-t-il affirm\u00e9. L\u2019une des contributions les plus remarqu\u00e9es est celle de Mme Andr\u00e9a Adj\u00e9 et des Instituts Cycy Beaut\u00e9, repr\u00e9sent\u00e9s par Aurelle Nancy Adj\u00e9, responsable des centres de formation. Elle  a salu\u00e9 la pertinence du projet et annonc\u00e9 un engagement fort en faveur de la r\u00e9insertion socioprofessionnelle des b\u00e9n\u00e9ficiaires : \u00ab Dans le domaine de l\u2019esth\u00e9tique f\u00e9minine, nous avons la possibilit\u00e9 de former et d\u2019outiller ces femmes une fois gu\u00e9ries. \u00c0 travers des formations gratuites, nous souhaitons leur donner l\u2019opportunit\u00e9 d\u2019apprendre un m\u00e9tier afin de se r\u00e9ins\u00e9rer dignement dans la soci\u00e9t\u00e9 \u00bb, a-t-elle d\u00e9clar\u00e9. Elle a, par ailleurs, indiqu\u00e9 que l\u2019institut bas\u00e9 \u00e0 Nimbo (Bouak\u00e9) mettra en place d\u2019autres initiatives compl\u00e9mentaires pour accompagner durablement les pensionnaires de La Maison Curtis. Avec cette inauguration, Bouak\u00e9 voit na\u00eetre un centre d\u2019espoir pour de nombreuses femmes en d\u00e9tresse. \u00c0 travers la conjugaison des efforts des ong, des institutions et des partenaires priv\u00e9s, La Maison Curtis ambitionne de b\u00e2tir un mod\u00e8le de r\u00e9insertion durable, ax\u00e9 sur la dignit\u00e9, l\u2019autonomie et l\u2019inclusion sociale.<\/p>\n<p><strong>Nambac\u00e9r\u00e9 Jo\u00ebl<\/strong><\/p>\n","protected":false},"excerpt":{"rendered":"<p>Selon une note d\u2019information parvenue \u00e0 notre r\u00e9daction, l\u2019ong \u2018\u2019La Maison Curtis\u2019\u2019 a officiellement inaugur\u00e9, le jeudi 25 septembre 2025, son si\u00e8ge social dans le quartier Ahougnanssou de Bouak\u00e9. Cette structure se donne pour mission d\u2019accompagner les femmes souffrant de troubles mentaux \u00e0 travers la prise en charge, la gu\u00e9rison et surtout la r\u00e9insertion sociale. [&hellip;]<\/p>\n","protected":false},"author":4,"featured_media":40388,"comment_status":"closed","ping_status":"closed","sticky":false,"template":"","format":"standard","meta":{"_monsterinsights_skip_tracking":false,"_monsterinsights_sitenote_active":false,"_monsterinsights_sitenote_note":"","_monsterinsights_sitenote_category":0,"footnotes":""},"categories":[2,3],"tags":[125,3571,548,816,6187,6188],"class_list":["post-40387","post","type-post","status-publish","format-standard","has-post-thumbnail","hentry","category-featured","category-societe","tag-bouake","tag-difficulte","tag-femmes","tag-long","tag-la-maison-curtis","tag-la-reinsertion"],"_links":{"self":[{"href":"https:\/\/www.lintelligentdabidjan.info\/news\/wp-json\/wp\/v2\/posts\/40387","targetHints":{"allow":["GET"]}}],"collection":[{"href":"https:\/\/www.lintelligentdabidjan.info\/news\/wp-json\/wp\/v2\/posts"}],"about":[{"href":"https:\/\/www.lintelligentdabidjan.info\/news\/wp-json\/wp\/v2\/types\/post"}],"author":[{"embeddable":true,"href":"https:\/\/www.lintelligentdabidjan.info\/news\/wp-json\/wp\/v2\/users\/4"}],"replies":[{"embeddable":true,"href":"https:\/\/www.lintelligentdabidjan.info\/news\/wp-json\/wp\/v2\/comments?post=40387"}],"version-history":[{"count":1,"href":"https:\/\/www.lintelligentdabidjan.info\/news\/wp-json\/wp\/v2\/posts\/40387\/revisions"}],"predecessor-version":[{"id":40389,"href":"https:\/\/www.lintelligentdabidjan.info\/news\/wp-json\/wp\/v2\/posts\/40387\/revisions\/40389"}],"wp:featuredmedia":[{"embeddable":true,"href":"https:\/\/www.lintelligentdabidjan.info\/news\/wp-json\/wp\/v2\/media\/40388"}],"wp:attachment":[{"href":"https:\/\/www.lintelligentdabidjan.info\/news\/wp-json\/wp\/v2\/media?parent=40387"}],"wp:term":[{"taxonomy":"category","embeddable":true,"href":"https:\/\/www.lintelligentdabidjan.info\/news\/wp-json\/wp\/v2\/categories?post=40387"},{"taxonomy":"post_tag","embeddable":true,"href":"https:\/\/www.lintelligentdabidjan.info\/news\/wp-json\/wp\/v2\/tags?post=40387"}],"curies":[{"name":"wp","href":"https:\/\/api.w.org\/{rel}","templated":true}]}}