{"id":40393,"date":"2025-09-29T07:20:35","date_gmt":"2025-09-29T05:20:35","guid":{"rendered":"https:\/\/www.lintelligentdabidjan.info\/news\/?p=40393"},"modified":"2025-09-29T07:21:04","modified_gmt":"2025-09-29T05:21:04","slug":"lintelligent-en-pdf-zatta-akoue-maounou-semanduokro-zambakro-logbakro-amede-kouakou-et-souleymane-diarrassouba-en-action-pour-une-presidentielle-apaisee","status":"publish","type":"post","link":"https:\/\/www.lintelligentdabidjan.info\/news\/lintelligent-en-pdf-zatta-akoue-maounou-semanduokro-zambakro-logbakro-amede-kouakou-et-souleymane-diarrassouba-en-action-pour-une-presidentielle-apaisee\/","title":{"rendered":"L&#8217;Intelligent en PDF:  Zatta, Akou\u00e9-Maounou, Seman,Duokro, Zambakro, Logbakro  Amed\u00e9 Kouakou et Souleymane Diarrassouba en action pour une pr\u00e9sidentielle apais\u00e9e"},"content":{"rendered":"<p><strong>Accompagn\u00e9 du ministre du Commerce et de l\u2019Industrie, Dr Souleymane Diarrassouba, le ministre Amed\u00e9 Koffi Kouakou, pr\u00e9sident de l\u2019Association des cadres du Centre pour le d\u00e9veloppement (ACCD-RHDP), un mouvement affili\u00e9 au RHDP, a visit\u00e9 plusieurs villages de la sous-pr\u00e9fecture de Yamoussoukro et d\u2019Akoussou, le samedi 27 septembre 2025. \u00c0 chacune de leurs haltes. Quels appels les deux ministres ont-ils lanc\u00e9s \u00e0 Zatta, Akou\u00e9-Maounou, Seman, Duokro, Zambakro et Logbakro ?<\/strong><\/p>\n<p>Article \u00e0 d\u00e9couvrir dans vos kiosques et en ligne sur&#8230;<\/p>\n<p><a href=\"https:\/\/news.abidjan.net\/titrologie\/39-lintelligent-dabidjan\/articles\" target=\"_blank\" rel=\"noopener\">https:\/\/news.abidjan.net\/titrologie\/39-lintelligent-dabidjan\/articles<\/a><\/p>\n<p>\u00c0 lire aussi 60 jeunes re\u00e7oivent 300 millions de FCFA \u00e0 la c\u00e9r\u00e9monie de remise du Prix Alassane Ouattara du Jeune entrepreneur \u00e9mergent, La Bagou\u00e9 en attraction \u00e0 Korhogo dans le cadre d&#8217;\u00ab Invest In District des Savanes \u00bb, La gouvernance Ouattara expliqu\u00e9e \u00e0 la Diaspora ivoirienne \u00e0 Paris , 200 patients op\u00e9r\u00e9s gratuitement d\u2019hernies par la Fondation Ousmane Bamba, Le Conseil sup\u00e9rieur des griots prend position \u00e0 la pr\u00e9sidentielle 2025, Fran\u00e7oise Remarck veut inscrire l&#8217;Abissa de Bassam au Patrimoine mondial de l&#8217;Unesco.<\/p>\n<p>Cliquez pour les d\u00e9tails<\/p>\n<p><a href=\"https:\/\/www.afrikipresse.fr\/abonnement\" target=\"_blank\" rel=\"noopener\">https:\/\/www.afrikipresse.fr\/abonnement<\/a><\/p>\n<p>\u00c0 voir \u00e9galement Kalil Konat\u00e9 exhorte \u00e0 l\u2019union autour de la vision de Ouattara dans le Hambol en pr\u00e9lude \u00e0 la pr\u00e9sidentielle 2025 et Famoussa Coulibaly et trois experts en d\u00e9bat sur le financement du terrorisme.<\/p>\n<p><a href=\"https:\/\/www.pressecotedivoire.fr\/titrologie\" target=\"_blank\" rel=\"noopener\">https:\/\/www.pressecotedivoire.fr\/titrologie<\/a><\/p>\n","protected":false},"excerpt":{"rendered":"<p>Accompagn\u00e9 du ministre du Commerce et de l\u2019Industrie, Dr Souleymane Diarrassouba, le ministre Amed\u00e9 Koffi Kouakou, pr\u00e9sident de l\u2019Association des cadres du Centre pour le d\u00e9veloppement (ACCD-RHDP), un mouvement affili\u00e9 au RHDP, a visit\u00e9 plusieurs villages de la sous-pr\u00e9fecture de Yamoussoukro et d\u2019Akoussou, le samedi 27 septembre 2025. \u00c0 chacune de leurs haltes. Quels appels [&hellip;]<\/p>\n","protected":false},"author":4,"featured_media":40394,"comment_status":"closed","ping_status":"closed","sticky":false,"template":"","format":"standard","meta":{"_monsterinsights_skip_tracking":false,"_monsterinsights_sitenote_active":false,"_monsterinsights_sitenote_note":"","_monsterinsights_sitenote_category":0,"footnotes":""},"categories":[2,3],"tags":[],"class_list":["post-40393","post","type-post","status-publish","format-standard","has-post-thumbnail","hentry","category-featured","category-societe"],"_links":{"self":[{"href":"https:\/\/www.lintelligentdabidjan.info\/news\/wp-json\/wp\/v2\/posts\/40393","targetHints":{"allow":["GET"]}}],"collection":[{"href":"https:\/\/www.lintelligentdabidjan.info\/news\/wp-json\/wp\/v2\/posts"}],"about":[{"href":"https:\/\/www.lintelligentdabidjan.info\/news\/wp-json\/wp\/v2\/types\/post"}],"author":[{"embeddable":true,"href":"https:\/\/www.lintelligentdabidjan.info\/news\/wp-json\/wp\/v2\/users\/4"}],"replies":[{"embeddable":true,"href":"https:\/\/www.lintelligentdabidjan.info\/news\/wp-json\/wp\/v2\/comments?post=40393"}],"version-history":[{"count":1,"href":"https:\/\/www.lintelligentdabidjan.info\/news\/wp-json\/wp\/v2\/posts\/40393\/revisions"}],"predecessor-version":[{"id":40395,"href":"https:\/\/www.lintelligentdabidjan.info\/news\/wp-json\/wp\/v2\/posts\/40393\/revisions\/40395"}],"wp:featuredmedia":[{"embeddable":true,"href":"https:\/\/www.lintelligentdabidjan.info\/news\/wp-json\/wp\/v2\/media\/40394"}],"wp:attachment":[{"href":"https:\/\/www.lintelligentdabidjan.info\/news\/wp-json\/wp\/v2\/media?parent=40393"}],"wp:term":[{"taxonomy":"category","embeddable":true,"href":"https:\/\/www.lintelligentdabidjan.info\/news\/wp-json\/wp\/v2\/categories?post=40393"},{"taxonomy":"post_tag","embeddable":true,"href":"https:\/\/www.lintelligentdabidjan.info\/news\/wp-json\/wp\/v2\/tags?post=40393"}],"curies":[{"name":"wp","href":"https:\/\/api.w.org\/{rel}","templated":true}]}}