{"id":40417,"date":"2025-10-01T06:52:49","date_gmt":"2025-10-01T04:52:49","guid":{"rendered":"https:\/\/www.lintelligentdabidjan.info\/news\/?p=40417"},"modified":"2025-10-01T06:52:53","modified_gmt":"2025-10-01T04:52:53","slug":"lintelligent-en-pdf-presidentielle-2025-ibrahime-coulibaly-kuibiert-les-decisions-du-conseil-constitutionnel-simposent","status":"publish","type":"post","link":"https:\/\/www.lintelligentdabidjan.info\/news\/lintelligent-en-pdf-presidentielle-2025-ibrahime-coulibaly-kuibiert-les-decisions-du-conseil-constitutionnel-simposent\/","title":{"rendered":"L&#8217;Intelligent en PDF:    Pr\u00e9sidentielle 2025- Ibrahime Coulibaly-Kuibiert : &#8221; Les d\u00e9cisions du Conseil constitutionnel s\u2019imposent &#8220;"},"content":{"rendered":"<p><strong>Dans un entretien accord\u00e9 \u00e0 la cha\u00eene internationale France 24, le lundi 29 septembre 2025, le pr\u00e9sident de la Commission \u00e9lectorale ind\u00e9pendante (CEI) Ibrahime Coulibaly-Kuibiert est revenu sur les accusations port\u00e9es par certains candidats recal\u00e9s \u00e0 l\u2019\u00e9lection pr\u00e9sidentielle, en particulier celles de Pascal Affi N\u2019Guessan, pr\u00e9sident du FPI. Il a d\u00e9clar\u00e9 que les d\u00e9cisions du Conseil constitutionnel s\u2019imposent . Qu&#8217;est ce que Coulibaly-Kuibiert a dit au cours de cet entretien? <\/strong><\/p>\n<p>Article \u00e0 d\u00e9couvrir dans vos kiosques et en ligne sur&#8230;<\/p>\n<p><a href=\"https:\/\/news.abidjan.net\/titrologie\/39-lintelligent-dabidjan\/articles\" target=\"_blank\" rel=\"noopener\">https:\/\/news.abidjan.net\/titrologie\/39-lintelligent-dabidjan\/articles<\/a><\/p>\n<p>\u00c0 lire \u00e9galement des cadres PPA- CI arr\u00eat\u00e9s ou convoqu\u00e9s , le Pdci Rda plus discret , Louise MUSHIKIWABO re\u00e7ue par Alassane OUATTARA ; Une d\u00e9l\u00e9gation du FMI chez Ti\u00e9moko Meyliet KON\u00c9; Bouak\u00e9 Fofana annonce un acc\u00e8s \u00e0 l&#8217;eau potable en C\u00f4te d\u2019Ivoire \u00e0 80 % des habitants; L\u2019\u00c9tat et le COSIM s\u2019unissent pour les manuscrits islamiques .<\/p>\n<p>Cliquez pour les d\u00e9tails<\/p>\n<p><a href=\"https:\/\/www.afrikipresse.fr\/abonnement\" target=\"_blank\" rel=\"noopener\">https:\/\/www.afrikipresse.fr\/abonnement<\/a><\/p>\n<p>\u00c0 voir aussi LU POUR VOUS By CoolBee Ouattara || &#8220;L\u00e9g\u00e8re amertume&#8221; de Camille Elanni et de Dja\u00ef, avec des illustrations de Koffi Roger N\u2019Guessan et l&#8217;engagement de la C\u00f4te d&#8217;Ivoire r\u00e9affirm\u00e9 dans le cadre de l&#8217;\u00e9limination de la mortalit\u00e9 maternelle.<\/p>\n<p><a href=\"https:\/\/www.pressecotedivoire.fr\/titrologie\" target=\"_blank\" rel=\"noopener\">https:\/\/www.pressecotedivoire.fr\/titrologie<\/a><\/p>\n","protected":false},"excerpt":{"rendered":"<p>Dans un entretien accord\u00e9 \u00e0 la cha\u00eene internationale France 24, le lundi 29 septembre 2025, le pr\u00e9sident de la Commission \u00e9lectorale ind\u00e9pendante (CEI) Ibrahime Coulibaly-Kuibiert est revenu sur les accusations port\u00e9es par certains candidats recal\u00e9s \u00e0 l\u2019\u00e9lection pr\u00e9sidentielle, en particulier celles de Pascal Affi N\u2019Guessan, pr\u00e9sident du FPI. Il a d\u00e9clar\u00e9 que les d\u00e9cisions du [&hellip;]<\/p>\n","protected":false},"author":4,"featured_media":40418,"comment_status":"closed","ping_status":"closed","sticky":false,"template":"","format":"standard","meta":{"_monsterinsights_skip_tracking":false,"_monsterinsights_sitenote_active":false,"_monsterinsights_sitenote_note":"","_monsterinsights_sitenote_category":0,"footnotes":""},"categories":[2,3],"tags":[],"class_list":["post-40417","post","type-post","status-publish","format-standard","has-post-thumbnail","hentry","category-featured","category-societe"],"_links":{"self":[{"href":"https:\/\/www.lintelligentdabidjan.info\/news\/wp-json\/wp\/v2\/posts\/40417","targetHints":{"allow":["GET"]}}],"collection":[{"href":"https:\/\/www.lintelligentdabidjan.info\/news\/wp-json\/wp\/v2\/posts"}],"about":[{"href":"https:\/\/www.lintelligentdabidjan.info\/news\/wp-json\/wp\/v2\/types\/post"}],"author":[{"embeddable":true,"href":"https:\/\/www.lintelligentdabidjan.info\/news\/wp-json\/wp\/v2\/users\/4"}],"replies":[{"embeddable":true,"href":"https:\/\/www.lintelligentdabidjan.info\/news\/wp-json\/wp\/v2\/comments?post=40417"}],"version-history":[{"count":1,"href":"https:\/\/www.lintelligentdabidjan.info\/news\/wp-json\/wp\/v2\/posts\/40417\/revisions"}],"predecessor-version":[{"id":40419,"href":"https:\/\/www.lintelligentdabidjan.info\/news\/wp-json\/wp\/v2\/posts\/40417\/revisions\/40419"}],"wp:featuredmedia":[{"embeddable":true,"href":"https:\/\/www.lintelligentdabidjan.info\/news\/wp-json\/wp\/v2\/media\/40418"}],"wp:attachment":[{"href":"https:\/\/www.lintelligentdabidjan.info\/news\/wp-json\/wp\/v2\/media?parent=40417"}],"wp:term":[{"taxonomy":"category","embeddable":true,"href":"https:\/\/www.lintelligentdabidjan.info\/news\/wp-json\/wp\/v2\/categories?post=40417"},{"taxonomy":"post_tag","embeddable":true,"href":"https:\/\/www.lintelligentdabidjan.info\/news\/wp-json\/wp\/v2\/tags?post=40417"}],"curies":[{"name":"wp","href":"https:\/\/api.w.org\/{rel}","templated":true}]}}