{"id":40423,"date":"2025-10-02T07:41:47","date_gmt":"2025-10-02T05:41:47","guid":{"rendered":"https:\/\/www.lintelligentdabidjan.info\/news\/?p=40423"},"modified":"2025-10-02T07:42:04","modified_gmt":"2025-10-02T05:42:04","slug":"elections-2025-150-administrateurs-de-groupes-whatsapp-formes-pour-promouvoir-la-paix","status":"publish","type":"post","link":"https:\/\/www.lintelligentdabidjan.info\/news\/elections-2025-150-administrateurs-de-groupes-whatsapp-formes-pour-promouvoir-la-paix\/","title":{"rendered":"\u00c9lections 2025- 150 administrateurs de groupes WhatsApp form\u00e9s pour promouvoir la paix"},"content":{"rendered":"<p><em><strong>Les minist\u00e8res de la Promotion de la jeunesse, de l&#8217;Insertion professionnelle et du Service civique et le minist\u00e8re de la Coh\u00e9sion nationale, de la Solidarit\u00e9 et de la Lutte contre la Pauvret\u00e9 ont initi\u00e9 une action \u00e0 travers la formation de 150 jeunes administrateurs de groupes WhatsApp communautaires, dans le cadre du projet \u00ab Jeunes b\u00e9n\u00e9voles pour la paix \u00bb. Cette formation a \u00e9t\u00e9 cl\u00f4tur\u00e9e le mardi 30 septembre 2025 \u00e0 Bimbresso-Songon.<\/strong><\/em><\/p>\n<p>Organis\u00e9 du mercredi 24 au mardi 30 septembre 2025, au Centre de service civique de Bimbresso, le  Campus Citoyen, le premier du genre  a permis de renforcer les capacit\u00e9s de ces jeunes venus de zones identifi\u00e9es comme sensibles. L\u2019objectif, en faire des acteurs de la paix et de la coh\u00e9sion sociale, \u00e0 travers une utilisation responsable des r\u00e9seaux sociaux, particuli\u00e8rement WhatsApp. Les 150 b\u00e9n\u00e9ficiaires, selon l&#8217;OSCN, sont tous administrateurs de groupes WhatsApp communautaires, un outil de communication de proximit\u00e9 mis en place dans plus de 70 localit\u00e9s \u00e0 risque, r\u00e9unissant au total 6 500 jeunes b\u00e9n\u00e9voles. <\/p>\n<p>Chaque groupe agit comme un canal d\u2019alerte pr\u00e9coce, de diffusion d\u2019informations v\u00e9rifi\u00e9es et de coordination des actions citoyennes pour pr\u00e9venir les tensions et apaiser les conflits. Amara Coulibaly, Directeur g\u00e9n\u00e9ral de l\u2019Office du service civique national, a mis en avant l\u2019importance de cette initiative. \u00ab Ces jeunes sont des artisans de paix, engag\u00e9s dans la promotion du vivre-ensemble dans leurs localit\u00e9s. Ce projet a \u00e9t\u00e9 mis en \u0153uvre par le minist\u00e8re de la Jeunesse, en lien avec le minist\u00e8re de la Solidarit\u00e9. R\u00e9unir ces leaders \u00e0 Bimbresso, c\u2019\u00e9tait avant tout les former \u00e0 une utilisation responsable des r\u00e9seaux sociaux, notamment WhatsApp \u00bb.  Avant d&#8217;ajouter qu&#8217;il \u00e9tait essentiel de leur fournir les bons outils pour qu\u2019ils puissent ensuite reproduire cette formation aupr\u00e8s de leurs communaut\u00e9s. Avant lui, Karim Tangara, leader de jeunesse \u00e0 Att\u00e9coub\u00e9 a exprim\u00e9 sa gratitude pour cette opportunit\u00e9. \u00ab Merci au minist\u00e8re de la Jeunesse et au Service civique pour cette belle opportunit\u00e9. En tant que leaders de jeunesse, nous sommes en premi\u00e8re ligne sur les questions de paix, surtout en p\u00e9riode \u00e9lectorale. On dit souvent que l\u2019\u00e9cole informe, la vie forme, l\u2019intelligence r\u00e9forme, mais l\u2019insouciance d\u00e9forme. C\u2019est donc notre devoir de partager les connaissances acquises afin que les \u00e9lections se d\u00e9roulent dans un climat apais\u00e9, et qu\u2019une paix durable profite \u00e0 tous. \u00bb, a-t-il dit.<\/p>\n<p>Kon\u00e9 Amed S\u00e9kou, pr\u00e9sident de la jeunesse communale d\u2019Anyama, pour sa part, a indiqu\u00e9 qu&#8217;ils seront sur le terrain pour intervenir au niveau communautaire, au plus pr\u00e8s des jeunes. \u00ab Gr\u00e2ce \u00e0 nos rencontres, formations et s\u00e9minaires, nous sommes en mesure de d\u00e9celer les tensions, identifier les malentendus et faire remonter les informations aux autorit\u00e9s comp\u00e9tentes.<\/p>\n<p>Ce programme vient donc renforcer notre capacit\u00e9 d\u2019action pour maintenir la paix dans nos communaut\u00e9s. \u00bb, a-t-il fait savoir.<\/p>\n<p>Selon l\u2019Office du service civique national (OSCN), ce programme de formation cible prioritairement les responsables de quartiers, de villages, de communes et de d\u00e9partements, ainsi que les d\u00e9l\u00e9gu\u00e9s du Conseil national des jeunes de C\u00f4te d&#8217;Ivoire (CNJCI) et les pr\u00e9sidents communaux de jeunesse. Le projet \u00ab Jeunes b\u00e9n\u00e9voles pour la paix \u00bb, lanc\u00e9 dans plus de 70 localit\u00e9s sensibles, mobilise actuellement 6 500 jeunes, form\u00e9s pour pr\u00e9venir les crises, d\u00e9samorcer les conflits et promouvoir la coh\u00e9sion sociale \u00e0 l\u2019approche des \u00e9ch\u00e9ances \u00e9lectorales.<\/p>\n<p><strong>Mamadou Ouattara avec Ly Abdul <\/strong><\/p>\n","protected":false},"excerpt":{"rendered":"<p>Les minist\u00e8res de la Promotion de la jeunesse, de l&#8217;Insertion professionnelle et du Service civique et le minist\u00e8re de la Coh\u00e9sion nationale, de la Solidarit\u00e9 et de la Lutte contre la Pauvret\u00e9 ont initi\u00e9 une action \u00e0 travers la formation de 150 jeunes administrateurs de groupes WhatsApp communautaires, dans le cadre du projet \u00ab Jeunes [&hellip;]<\/p>\n","protected":false},"author":4,"featured_media":40424,"comment_status":"closed","ping_status":"closed","sticky":false,"template":"","format":"standard","meta":{"footnotes":""},"categories":[2,17],"tags":[6196,4625,6197,6198],"class_list":["post-40423","post","type-post","status-publish","format-standard","has-post-thumbnail","hentry","category-featured","category-politique","tag-administrateurs","tag-elections-2025","tag-groupes-whatsapp","tag-promouvoir-la-paix"],"_links":{"self":[{"href":"https:\/\/www.lintelligentdabidjan.info\/news\/wp-json\/wp\/v2\/posts\/40423","targetHints":{"allow":["GET"]}}],"collection":[{"href":"https:\/\/www.lintelligentdabidjan.info\/news\/wp-json\/wp\/v2\/posts"}],"about":[{"href":"https:\/\/www.lintelligentdabidjan.info\/news\/wp-json\/wp\/v2\/types\/post"}],"author":[{"embeddable":true,"href":"https:\/\/www.lintelligentdabidjan.info\/news\/wp-json\/wp\/v2\/users\/4"}],"replies":[{"embeddable":true,"href":"https:\/\/www.lintelligentdabidjan.info\/news\/wp-json\/wp\/v2\/comments?post=40423"}],"version-history":[{"count":2,"href":"https:\/\/www.lintelligentdabidjan.info\/news\/wp-json\/wp\/v2\/posts\/40423\/revisions"}],"predecessor-version":[{"id":40426,"href":"https:\/\/www.lintelligentdabidjan.info\/news\/wp-json\/wp\/v2\/posts\/40423\/revisions\/40426"}],"wp:featuredmedia":[{"embeddable":true,"href":"https:\/\/www.lintelligentdabidjan.info\/news\/wp-json\/wp\/v2\/media\/40424"}],"wp:attachment":[{"href":"https:\/\/www.lintelligentdabidjan.info\/news\/wp-json\/wp\/v2\/media?parent=40423"}],"wp:term":[{"taxonomy":"category","embeddable":true,"href":"https:\/\/www.lintelligentdabidjan.info\/news\/wp-json\/wp\/v2\/categories?post=40423"},{"taxonomy":"post_tag","embeddable":true,"href":"https:\/\/www.lintelligentdabidjan.info\/news\/wp-json\/wp\/v2\/tags?post=40423"}],"curies":[{"name":"wp","href":"https:\/\/api.w.org\/{rel}","templated":true}]}}