{"id":40427,"date":"2025-10-02T07:45:13","date_gmt":"2025-10-02T05:45:13","guid":{"rendered":"https:\/\/www.lintelligentdabidjan.info\/news\/?p=40427"},"modified":"2025-10-02T07:45:19","modified_gmt":"2025-10-02T05:45:19","slug":"agneby-tiassa-la-federation-des-sourds-plaide-pour-lofficialisation-de-la-langue-des-signes","status":"publish","type":"post","link":"https:\/\/www.lintelligentdabidjan.info\/news\/agneby-tiassa-la-federation-des-sourds-plaide-pour-lofficialisation-de-la-langue-des-signes\/","title":{"rendered":"Agneby-Tiassa-  La F\u00e9d\u00e9ration des Sourds   plaide pour l\u2019officialisation de la langue des signes"},"content":{"rendered":"<p><em><strong>L\u2019Assembl\u00e9e g\u00e9n\u00e9rale de la F\u00e9d\u00e9ration des sourds de l\u2019Agneby-Tiassa s\u2019est tenue le mercredi 1\u1d49\u02b3 octobre 2025, \u00e0 la salle des r\u00e9unions de la biblioth\u00e8que municipale d\u2019Agboville. Cette rencontre a \u00e9t\u00e9 l\u2019occasion pour les participants d\u2019appeler \u00e0 une meilleure inclusion des personnes sourdes dans la soci\u00e9t\u00e9 ivoirienne, \u00e0 travers la reconnaissance de la langue des signes dans la Constitution.<\/strong><\/em><\/p>\n<p><strong>Un plaidoyer fort pour l\u2019inclusion<\/strong><\/p>\n<p>D\u00e8s l\u2019ouverture des travaux, le pr\u00e9sident r\u00e9gional des personnes en situation de handicap, M. N\u2019gou Agb\u00e9, a lanc\u00e9 un appel en faveur des personnes sourdes :<\/p>\n<p>\u00ab Un handicap\u00e9 qui s\u2019exprime dans le langage des signes a un handicap incommensurable. Je plaide que leurs droits soient inscrits dans la Constitution ivoirienne \u00bb, a-t-il d\u00e9clar\u00e9, appelant \u00e0 une reconnaissance l\u00e9gale qui garantirait leur dignit\u00e9 et leur pleine citoyennet\u00e9.<\/p>\n<p><strong>La soci\u00e9t\u00e9 civile en appui<\/strong><\/p>\n<p>Au nom du Directeur r\u00e9gional de la Protection Civile, Yapo Firmin a pris la parole pour d\u00e9fendre avec fermet\u00e9 la cause des personnes sourdes.<\/p>\n<p>\u00ab Pas de droits pour des hommes en situation de handicap (sourds) qui exercent le langage des signes est une faille aux regards de la soci\u00e9t\u00e9 civile. Refuser une personne sourde, c\u2019est l\u2019exclure de l\u2019humanit\u00e9 \u00bb, a-t-il martel\u00e9.<\/p>\n<p>Il a \u00e9galement soulign\u00e9 l\u2019importance de leur contribution sociale : \u00ab Des personnes sourdes jouent un r\u00f4le important dans la soci\u00e9t\u00e9. La reconnaissance de la langue des signes doit \u00eatre accept\u00e9e dans la loi fondamentale de notre pays \u00bb.<\/p>\n<p><strong>Un appel national r\u00e9affirm\u00e9<\/strong><\/p>\n<p>Pr\u00e9sent \u00e0 Agboville pour l\u2019occasion, le pr\u00e9sident national des personnes handicap\u00e9es de C\u00f4te d\u2019Ivoire, Gnakpa Jacob, a salu\u00e9 l\u2019engagement de la F\u00e9d\u00e9ration des Associations des Personnes Handicap\u00e9es de la r\u00e9gion de l\u2019Agneby-Tiassa (FAPHRAT) et de son pr\u00e9sident, N\u2019gou Agb\u00e9, pour l\u2019organisation de cette assembl\u00e9e g\u00e9n\u00e9rale.<\/p>\n<p>Il a insist\u00e9 sur l\u2019urgence d\u2019une reconnaissance officielle de la langue des signes :<\/p>\n<p>\u00ab La langue des signes en C\u00f4te d\u2019Ivoire est une identit\u00e9, qui aboutit \u00e0 la cl\u00e9 de notre dignit\u00e9. Nous r\u00e9affirmons aujourd\u2019hui l\u2019urgence de son officialisation par l\u2019\u00c9tat de C\u00f4te d\u2019Ivoire \u00bb, a-t-il affirm\u00e9, soulignant que cette reconnaissance est la seule garantie pour le respect effectif de tous les autres droits.<\/p>\n<p><strong>Consty \u00e0 Agboville<\/strong><\/p>\n","protected":false},"excerpt":{"rendered":"<p>L\u2019Assembl\u00e9e g\u00e9n\u00e9rale de la F\u00e9d\u00e9ration des sourds de l\u2019Agneby-Tiassa s\u2019est tenue le mercredi 1\u1d49\u02b3 octobre 2025, \u00e0 la salle des r\u00e9unions de la biblioth\u00e8que municipale d\u2019Agboville. Cette rencontre a \u00e9t\u00e9 l\u2019occasion pour les participants d\u2019appeler \u00e0 une meilleure inclusion des personnes sourdes dans la soci\u00e9t\u00e9 ivoirienne, \u00e0 travers la reconnaissance de la langue des signes [&hellip;]<\/p>\n","protected":false},"author":4,"featured_media":40428,"comment_status":"closed","ping_status":"closed","sticky":false,"template":"","format":"standard","meta":{"_monsterinsights_skip_tracking":false,"_monsterinsights_sitenote_active":false,"_monsterinsights_sitenote_note":"","_monsterinsights_sitenote_category":0,"footnotes":""},"categories":[2,3],"tags":[],"class_list":["post-40427","post","type-post","status-publish","format-standard","has-post-thumbnail","hentry","category-featured","category-societe"],"_links":{"self":[{"href":"https:\/\/www.lintelligentdabidjan.info\/news\/wp-json\/wp\/v2\/posts\/40427","targetHints":{"allow":["GET"]}}],"collection":[{"href":"https:\/\/www.lintelligentdabidjan.info\/news\/wp-json\/wp\/v2\/posts"}],"about":[{"href":"https:\/\/www.lintelligentdabidjan.info\/news\/wp-json\/wp\/v2\/types\/post"}],"author":[{"embeddable":true,"href":"https:\/\/www.lintelligentdabidjan.info\/news\/wp-json\/wp\/v2\/users\/4"}],"replies":[{"embeddable":true,"href":"https:\/\/www.lintelligentdabidjan.info\/news\/wp-json\/wp\/v2\/comments?post=40427"}],"version-history":[{"count":1,"href":"https:\/\/www.lintelligentdabidjan.info\/news\/wp-json\/wp\/v2\/posts\/40427\/revisions"}],"predecessor-version":[{"id":40429,"href":"https:\/\/www.lintelligentdabidjan.info\/news\/wp-json\/wp\/v2\/posts\/40427\/revisions\/40429"}],"wp:featuredmedia":[{"embeddable":true,"href":"https:\/\/www.lintelligentdabidjan.info\/news\/wp-json\/wp\/v2\/media\/40428"}],"wp:attachment":[{"href":"https:\/\/www.lintelligentdabidjan.info\/news\/wp-json\/wp\/v2\/media?parent=40427"}],"wp:term":[{"taxonomy":"category","embeddable":true,"href":"https:\/\/www.lintelligentdabidjan.info\/news\/wp-json\/wp\/v2\/categories?post=40427"},{"taxonomy":"post_tag","embeddable":true,"href":"https:\/\/www.lintelligentdabidjan.info\/news\/wp-json\/wp\/v2\/tags?post=40427"}],"curies":[{"name":"wp","href":"https:\/\/api.w.org\/{rel}","templated":true}]}}