{"id":40433,"date":"2025-10-02T07:51:32","date_gmt":"2025-10-02T05:51:32","guid":{"rendered":"https:\/\/www.lintelligentdabidjan.info\/news\/?p=40433"},"modified":"2025-10-02T07:51:51","modified_gmt":"2025-10-02T05:51:51","slug":"adressage-urbain-en-cote-divoire-alphonse-nguessan-fait-le-bilan-du-pada","status":"publish","type":"post","link":"https:\/\/www.lintelligentdabidjan.info\/news\/adressage-urbain-en-cote-divoire-alphonse-nguessan-fait-le-bilan-du-pada\/","title":{"rendered":"Adressage urbain en C\u00f4te d&#8217;Ivoire-  Alphonse N&#8217;Guessan fait le bilan du PADA"},"content":{"rendered":"<p><em><strong>Le directeur de l\u2019Adressage, de la R\u00e9novation et de la Restructuration urbaine, Alphonse N&#8217;Guessan, a pr\u00e9sent\u00e9 l&#8217;\u00e9volution du Projet d&#8217;adressage du District d&#8217;Abidjan (PADA).<\/strong><\/em><\/p>\n<p>La tribune du minist\u00e8re de la Construction, du Logement et de l\u2019Urbanisme, d\u00e9nomm\u00e9e &#8220;Les Matinales du b\u00e2tir&#8221;, a accueilli, le mardi 30 septembre 2025 \u00e0 la Maison de la Presse d\u2019Abidjan-Plateau, Alphonse N\u2019Guessan, directeur de l\u2019Adressage, de la R\u00e9novation et de la Restructuration urbaine.<\/p>\n<p>Lanc\u00e9 en 2017, le Projet d&#8217;adressage du District d&#8217;Abidjan (PADA) se poursuit. Il devrait s\u2019achever le 31 d\u00e9cembre 2025, selon Alphonse N\u2019Guessan, avec la pose des plaques sur les boulevards, avenues et rues identifi\u00e9s dans les 13 communes du District autonome d\u2019Abidjan. Parmi celles-ci, certaines porteront les noms de personnalit\u00e9s telles que la journaliste Ir\u00e8ne Bath \u00e0 Songon, la com\u00e9dienne Cl\u00e9mentine Papouet \u00e0 Marcory, et l\u2019animateur John Za\u00efbo Jay \u00e0 Abobo.<\/p>\n<p>\u00c0 ce jour, environ 350 000 unit\u00e9s d\u2019occupation (maisons, commerces, etc.) ont \u00e9t\u00e9 r\u00e9pertori\u00e9es, et 500 000 adresses attribu\u00e9es dans le cadre de ce projet, financ\u00e9 par la Banque mondiale et l\u2019\u00c9tat de C\u00f4te d\u2019Ivoire, \u00e0 hauteur de 12 milliards de FCFA.<\/p>\n<p>&#8220;\u00c0 l\u2019horizon 2030, le programme pr\u00e9voit d\u2019\u00e9tendre l\u2019adressage dans les quinze (15) p\u00f4les \u00e9conomiques r\u00e9gionaux de C\u00f4te d&#8217;Ivoire, dont Bouak\u00e9, Man, Odienn\u00e9, San Pedro, Abengourou et Grand-Bassam (&#8230;) En ce qui concerne la d\u00e9nomination des rues de Yamoussoukro, l&#8217;op\u00e9ration a \u00e9t\u00e9 valid\u00e9e par le conseil municipal depuis ao\u00fbt 2025. 1 366 voies sont concern\u00e9es par cette op\u00e9ration. Nous sommes en attente de la validation par le conseil des ministres&#8221;, a r\u00e9v\u00e9l\u00e9 Alphonse N\u2019Guessan.<\/p>\n<p>Pour les villes de Korhogo et Daloa, le directeur a pr\u00e9cis\u00e9 que les d\u00e9nominations des rues ont \u00e9t\u00e9 transmises aux conseils municipaux pour validation, avant la d\u00e9cision d\u00e9finitive du Conseil des ministres.<\/p>\n<p>&#8220;\u00c0 Korhogo, des noms seront attribu\u00e9s \u00e0 2 703 voies, dont 9 boulevards, 48 avenues et 2 646 rues. Pour la ville de Daloa, 2 623 voies sont concern\u00e9es, dont 5 boulevards, 36 avenues et 2 582 rues&#8221;, a ajout\u00e9 Alphonse N&#8217;Guessan.<\/p>\n<p><strong>La r\u00e9novation du quartier Biafra en marche<\/strong><\/p>\n<p>L\u2019une des articulations de ce troisi\u00e8me rendez-vous des &#8220;Matinales du b\u00e2tir&#8221; a \u00e9t\u00e9 la pr\u00e9sentation du nouveau visage du quartier Yobou-Lambert (ex-Biafra), dans la commune de Treichville. Ce projet immobilier, baptis\u00e9 Eburny Pearl (Perle d\u2019\u00c9burnie), s\u2019\u00e9tend sur 40 hectares, avec des espaces d\u2019utilit\u00e9 publique, des r\u00e9sidences, des aires de loisirs et un centre d\u2019affaires.<\/p>\n<p><strong>Olivier Dion<\/strong><\/p>\n","protected":false},"excerpt":{"rendered":"<p>Le directeur de l\u2019Adressage, de la R\u00e9novation et de la Restructuration urbaine, Alphonse N&#8217;Guessan, a pr\u00e9sent\u00e9 l&#8217;\u00e9volution du Projet d&#8217;adressage du District d&#8217;Abidjan (PADA). La tribune du minist\u00e8re de la Construction, du Logement et de l\u2019Urbanisme, d\u00e9nomm\u00e9e &#8220;Les Matinales du b\u00e2tir&#8221;, a accueilli, le mardi 30 septembre 2025 \u00e0 la Maison de la Presse d\u2019Abidjan-Plateau, [&hellip;]<\/p>\n","protected":false},"author":4,"featured_media":40434,"comment_status":"closed","ping_status":"closed","sticky":false,"template":"","format":"standard","meta":{"_monsterinsights_skip_tracking":false,"_monsterinsights_sitenote_active":false,"_monsterinsights_sitenote_note":"","_monsterinsights_sitenote_category":0,"footnotes":""},"categories":[2,18,3],"tags":[6202,6203,1868,77,6204],"class_list":["post-40433","post","type-post","status-publish","format-standard","has-post-thumbnail","hentry","category-featured","category-economie","category-societe","tag-adressage-urbain","tag-alphonse-nguessan","tag-bilan","tag-cote-divoire","tag-pada"],"_links":{"self":[{"href":"https:\/\/www.lintelligentdabidjan.info\/news\/wp-json\/wp\/v2\/posts\/40433","targetHints":{"allow":["GET"]}}],"collection":[{"href":"https:\/\/www.lintelligentdabidjan.info\/news\/wp-json\/wp\/v2\/posts"}],"about":[{"href":"https:\/\/www.lintelligentdabidjan.info\/news\/wp-json\/wp\/v2\/types\/post"}],"author":[{"embeddable":true,"href":"https:\/\/www.lintelligentdabidjan.info\/news\/wp-json\/wp\/v2\/users\/4"}],"replies":[{"embeddable":true,"href":"https:\/\/www.lintelligentdabidjan.info\/news\/wp-json\/wp\/v2\/comments?post=40433"}],"version-history":[{"count":1,"href":"https:\/\/www.lintelligentdabidjan.info\/news\/wp-json\/wp\/v2\/posts\/40433\/revisions"}],"predecessor-version":[{"id":40435,"href":"https:\/\/www.lintelligentdabidjan.info\/news\/wp-json\/wp\/v2\/posts\/40433\/revisions\/40435"}],"wp:featuredmedia":[{"embeddable":true,"href":"https:\/\/www.lintelligentdabidjan.info\/news\/wp-json\/wp\/v2\/media\/40434"}],"wp:attachment":[{"href":"https:\/\/www.lintelligentdabidjan.info\/news\/wp-json\/wp\/v2\/media?parent=40433"}],"wp:term":[{"taxonomy":"category","embeddable":true,"href":"https:\/\/www.lintelligentdabidjan.info\/news\/wp-json\/wp\/v2\/categories?post=40433"},{"taxonomy":"post_tag","embeddable":true,"href":"https:\/\/www.lintelligentdabidjan.info\/news\/wp-json\/wp\/v2\/tags?post=40433"}],"curies":[{"name":"wp","href":"https:\/\/api.w.org\/{rel}","templated":true}]}}