{"id":40436,"date":"2025-10-02T07:54:04","date_gmt":"2025-10-02T05:54:04","guid":{"rendered":"https:\/\/www.lintelligentdabidjan.info\/news\/?p=40436"},"modified":"2025-10-02T07:54:35","modified_gmt":"2025-10-02T05:54:35","slug":"region-du-bounkani-le-sous-prefet-de-bogofa-devoile-ses-projets-pour-les-5-prochaines-annees","status":"publish","type":"post","link":"https:\/\/www.lintelligentdabidjan.info\/news\/region-du-bounkani-le-sous-prefet-de-bogofa-devoile-ses-projets-pour-les-5-prochaines-annees\/","title":{"rendered":"R\u00e9gion du Bounkani :   Le sous-pr\u00e9fet de Bogofa d\u00e9voile ses projets pour les 5 prochaines ann\u00e9es"},"content":{"rendered":"<p><em><strong>Le sous-pr\u00e9fet de Bogofa, localit\u00e9 de la r\u00e9gion du Bounkani, a d\u00e9voil\u00e9 ses projets pour les 5 prochaines ann\u00e9es aux populations.<\/strong><\/em><\/p>\n<p>Pour les cinq ann\u00e9es \u00e0 venir, Jean Fid\u00e8le N&#8217;Guessan Flaubert, sous-pr\u00e9fet de Bogofa, dans le d\u00e9partement de Nassian, r\u00e9gion du Bounkani, nourrit de grandes ambitions pour ses populations. Il le leur a fait savoir le vendredi 16 septembre 2025, lors d\u2019une rencontre d\u2019\u00e9change. \u00ab Ces cinq ann\u00e9es \u00e0 venir, il faut que Bogofa sorte de la pauvret\u00e9. Il faut que notre localit\u00e9 ait son march\u00e9, sa gare. Bogofa doit voir ses \u00e9coles reconstruites, r\u00e9nov\u00e9es, et que notre cit\u00e9 ait une institution d\u00e9di\u00e9e aux femmes, pour leur formation et leur d\u00e9veloppement. Ces cinq prochaines ann\u00e9es, il faut que Bogofa grandisse et prosp\u00e8re \u00bb, a d\u00e9clar\u00e9 le sous-pr\u00e9fet. \u00ab Mon souci premier est d&#8217;am\u00e9liorer ce qui a \u00e9t\u00e9 fait, d&#8217;accro\u00eetre l&#8217;efficacit\u00e9 et le rendement des services au b\u00e9n\u00e9fice de Bogofa. C&#8217;est pourquoi des mesures jug\u00e9es n\u00e9cessaires seront prises pour redresser les situations d\u00e9faillantes, voire sanctionner les carences commises. Beaucoup a \u00e9t\u00e9 fait, mais beaucoup reste encore \u00e0 faire. Unissons-nous autour de la coh\u00e9sion sociale pour amorcer le d\u00e9veloppement tant recherch\u00e9 et tant souhait\u00e9. Nourrissons-nous d&#8217;espoir pour voir Bogofa sur le chemin de l&#8217;\u00e9mergence. (&#8230;) Faisons tout pour que cela se r\u00e9alise dans les cinq prochaines ann\u00e9es \u00bb, a-t-il ajout\u00e9.<\/p>\n<p>Jean Fid\u00e8le N&#8217;Guessan Flaubert est le premier sous-pr\u00e9fet de Bogofa. Nomm\u00e9 par d\u00e9cret le 26 juin 2025, il a officiellement pris ses fonctions le vendredi 15 ao\u00fbt 2025, 15 ans apr\u00e8s l\u2019\u00e9rection de la localit\u00e9 en sous-pr\u00e9fecture.<\/p>\n<p>Le pr\u00e9sident de la Mutuelle de d\u00e9veloppement de Goum\u00e9r\u00e9 (MUDEGO), J\u00e9r\u00f4me Kobenan Kouadio, s\u2019est r\u00e9joui, au nom des populations, de l\u2019arriv\u00e9e du premier sous-pr\u00e9fet de la localit\u00e9. Il a \u00e9mis quelques dol\u00e9ances : \u00ab La jeunesse aspire \u00e0 des emplois, les agriculteurs r\u00eavent d\u2019un accompagnement et d\u2019un appui de l\u2019\u00c9tat et des partenaires du monde agricole pour faire face au diktat des nouvelles techniques culturales impos\u00e9es par le changement climatique. Elle souhaite \u00e9galement de meilleures infrastructures routi\u00e8res, notamment sur l\u2019axe Bogofa-Tipoudouo-Djatodouo-Djekparedouo, pour \u00e9couler leurs produits, faciliter l\u2019acc\u00e8s aux services de sant\u00e9, \u00e0 l&#8217;\u00e9ducation et \u00e0 l\u2019adduction d\u2019eau potable dans le campement de Djekparedouo, o\u00f9 la population souffre de la soif. Enfin, nous souhaitons l\u2019extension du lotissement du village \u00bb, a-t-il indiqu\u00e9.<\/p>\n<p>J\u00e9r\u00f4me Kobenan Kouadio a assur\u00e9 le sous-pr\u00e9fet de l\u2019enti\u00e8re collaboration et de la disponibilit\u00e9 des populations.<\/p>\n<p><strong>Mamadou Ouattara avec Gr\u00e2ce B\u00e9n\u00e9dicte Ou\u00e9l\u00e9<\/strong><\/p>\n","protected":false},"excerpt":{"rendered":"<p>Le sous-pr\u00e9fet de Bogofa, localit\u00e9 de la r\u00e9gion du Bounkani, a d\u00e9voil\u00e9 ses projets pour les 5 prochaines ann\u00e9es aux populations. Pour les cinq ann\u00e9es \u00e0 venir, Jean Fid\u00e8le N&#8217;Guessan Flaubert, sous-pr\u00e9fet de Bogofa, dans le d\u00e9partement de Nassian, r\u00e9gion du Bounkani, nourrit de grandes ambitions pour ses populations. Il le leur a fait savoir [&hellip;]<\/p>\n","protected":false},"author":4,"featured_media":40437,"comment_status":"closed","ping_status":"closed","sticky":false,"template":"","format":"standard","meta":{"_monsterinsights_skip_tracking":false,"_monsterinsights_sitenote_active":false,"_monsterinsights_sitenote_note":"","_monsterinsights_sitenote_category":0,"footnotes":""},"categories":[2,3],"tags":[6205,2767,1994],"class_list":["post-40436","post","type-post","status-publish","format-standard","has-post-thumbnail","hentry","category-featured","category-societe","tag-le-sous-prefet-de-bogofa","tag-projets","tag-region-du-bounkani"],"_links":{"self":[{"href":"https:\/\/www.lintelligentdabidjan.info\/news\/wp-json\/wp\/v2\/posts\/40436","targetHints":{"allow":["GET"]}}],"collection":[{"href":"https:\/\/www.lintelligentdabidjan.info\/news\/wp-json\/wp\/v2\/posts"}],"about":[{"href":"https:\/\/www.lintelligentdabidjan.info\/news\/wp-json\/wp\/v2\/types\/post"}],"author":[{"embeddable":true,"href":"https:\/\/www.lintelligentdabidjan.info\/news\/wp-json\/wp\/v2\/users\/4"}],"replies":[{"embeddable":true,"href":"https:\/\/www.lintelligentdabidjan.info\/news\/wp-json\/wp\/v2\/comments?post=40436"}],"version-history":[{"count":1,"href":"https:\/\/www.lintelligentdabidjan.info\/news\/wp-json\/wp\/v2\/posts\/40436\/revisions"}],"predecessor-version":[{"id":40438,"href":"https:\/\/www.lintelligentdabidjan.info\/news\/wp-json\/wp\/v2\/posts\/40436\/revisions\/40438"}],"wp:featuredmedia":[{"embeddable":true,"href":"https:\/\/www.lintelligentdabidjan.info\/news\/wp-json\/wp\/v2\/media\/40437"}],"wp:attachment":[{"href":"https:\/\/www.lintelligentdabidjan.info\/news\/wp-json\/wp\/v2\/media?parent=40436"}],"wp:term":[{"taxonomy":"category","embeddable":true,"href":"https:\/\/www.lintelligentdabidjan.info\/news\/wp-json\/wp\/v2\/categories?post=40436"},{"taxonomy":"post_tag","embeddable":true,"href":"https:\/\/www.lintelligentdabidjan.info\/news\/wp-json\/wp\/v2\/tags?post=40436"}],"curies":[{"name":"wp","href":"https:\/\/api.w.org\/{rel}","templated":true}]}}