{"id":40442,"date":"2025-10-02T07:59:46","date_gmt":"2025-10-02T05:59:46","guid":{"rendered":"https:\/\/www.lintelligentdabidjan.info\/news\/?p=40442"},"modified":"2025-10-02T08:00:46","modified_gmt":"2025-10-02T06:00:46","slug":"lintelligent-en-pdf-obtention-du-certificat-cwa17493-version-2019-du-journalism-truth-initiative-lintelligent-dabidjan-recoit-les-encouragements-de-la-premiere-dame","status":"publish","type":"post","link":"https:\/\/www.lintelligentdabidjan.info\/news\/lintelligent-en-pdf-obtention-du-certificat-cwa17493-version-2019-du-journalism-truth-initiative-lintelligent-dabidjan-recoit-les-encouragements-de-la-premiere-dame\/","title":{"rendered":"L&#8217;Intelligent en PDF:  Obtention du certificat CWA17493 version 2019 du Journalism Truth Initiative       L\u2019intelligent d\u2019Abidjan re\u00e7oit les encouragements de la Premi\u00e8re Dame"},"content":{"rendered":"<p><strong>Le mercredi 1\u1d49\u02b3 octobre 2025, la Premi\u00e8re Dame, Madame Dominique Ouattara, a accord\u00e9 une audience \u00e0 son cabinet \u00e0 Alaf\u00e9 Wakili, Directeur G\u00e9n\u00e9ral du groupe L\u2019Intelligent d\u2019Abidjan et de Totem Communication, accompagn\u00e9 de son \u00e9quipe. Qu&#8217;est ce que la Premi\u00e8re Dame a dit \u00e0 cette occasion? <\/strong><\/p>\n<p>Article \u00e0 d\u00e9couvrir dans vos kiosques et en ligne sur&#8230;<\/p>\n<p><a href=\"https:\/\/news.abidjan.net\/titrologie\/39-lintelligent-dabidjan\/articles\" target=\"_blank\" rel=\"noopener\">https:\/\/news.abidjan.net\/titrologie\/39-lintelligent-dabidjan\/articles<\/a><\/p>\n<p>\u00c0 lire aussi le cacao \u00e0 2800 Fcfa\/kg et le caf\u00e9 \u00e0 1700 Fcfa, des r\u00e9formes majeures adopt\u00e9es hier au niveau de la CMU, Bictogo exhorte les d\u00e9put\u00e9s \u00e0 une partition apais\u00e9e \u00e0 la pr\u00e9sidentielle 2025, ce que le Procureur de la R\u00e9publique a dit sur Odette Lorougnon , Ce qu\u2019il s\u2019est pass\u00e9 \u00e0 Invest in Korhogo dans le District des Savanes<\/p>\n<p>Cliquez pour les d\u00e9tails<\/p>\n<p><a href=\"https:\/\/www.afrikipresse.fr\/abonnement\" target=\"_blank\" rel=\"noopener\">https:\/\/www.afrikipresse.fr\/abonnement<\/a><\/p>\n<p>\u00c0 voir \u00e9galement Sidi Tour\u00e9 et Kandia Camara sensibilisent dans le cadre de la lutte contre la rage et le Le gouvernement pas inform\u00e9 d\u2019une marche \u00e0 encadrer du Front commun.<\/p>\n<p><a href=\"https:\/\/www.pressecotedivoire.fr\/titrologie\" target=\"_blank\" rel=\"noopener\">https:\/\/www.pressecotedivoire.fr\/titrologie<\/a><\/p>\n","protected":false},"excerpt":{"rendered":"<p>Le mercredi 1\u1d49\u02b3 octobre 2025, la Premi\u00e8re Dame, Madame Dominique Ouattara, a accord\u00e9 une audience \u00e0 son cabinet \u00e0 Alaf\u00e9 Wakili, Directeur G\u00e9n\u00e9ral du groupe L\u2019Intelligent d\u2019Abidjan et de Totem Communication, accompagn\u00e9 de son \u00e9quipe. Qu&#8217;est ce que la Premi\u00e8re Dame a dit \u00e0 cette occasion? Article \u00e0 d\u00e9couvrir dans vos kiosques et en ligne [&hellip;]<\/p>\n","protected":false},"author":4,"featured_media":40444,"comment_status":"closed","ping_status":"closed","sticky":false,"template":"","format":"standard","meta":{"_monsterinsights_skip_tracking":false,"_monsterinsights_sitenote_active":false,"_monsterinsights_sitenote_note":"","_monsterinsights_sitenote_category":0,"footnotes":""},"categories":[2,3],"tags":[],"class_list":["post-40442","post","type-post","status-publish","format-standard","has-post-thumbnail","hentry","category-featured","category-societe"],"_links":{"self":[{"href":"https:\/\/www.lintelligentdabidjan.info\/news\/wp-json\/wp\/v2\/posts\/40442","targetHints":{"allow":["GET"]}}],"collection":[{"href":"https:\/\/www.lintelligentdabidjan.info\/news\/wp-json\/wp\/v2\/posts"}],"about":[{"href":"https:\/\/www.lintelligentdabidjan.info\/news\/wp-json\/wp\/v2\/types\/post"}],"author":[{"embeddable":true,"href":"https:\/\/www.lintelligentdabidjan.info\/news\/wp-json\/wp\/v2\/users\/4"}],"replies":[{"embeddable":true,"href":"https:\/\/www.lintelligentdabidjan.info\/news\/wp-json\/wp\/v2\/comments?post=40442"}],"version-history":[{"count":1,"href":"https:\/\/www.lintelligentdabidjan.info\/news\/wp-json\/wp\/v2\/posts\/40442\/revisions"}],"predecessor-version":[{"id":40443,"href":"https:\/\/www.lintelligentdabidjan.info\/news\/wp-json\/wp\/v2\/posts\/40442\/revisions\/40443"}],"wp:featuredmedia":[{"embeddable":true,"href":"https:\/\/www.lintelligentdabidjan.info\/news\/wp-json\/wp\/v2\/media\/40444"}],"wp:attachment":[{"href":"https:\/\/www.lintelligentdabidjan.info\/news\/wp-json\/wp\/v2\/media?parent=40442"}],"wp:term":[{"taxonomy":"category","embeddable":true,"href":"https:\/\/www.lintelligentdabidjan.info\/news\/wp-json\/wp\/v2\/categories?post=40442"},{"taxonomy":"post_tag","embeddable":true,"href":"https:\/\/www.lintelligentdabidjan.info\/news\/wp-json\/wp\/v2\/tags?post=40442"}],"curies":[{"name":"wp","href":"https:\/\/api.w.org\/{rel}","templated":true}]}}