{"id":40463,"date":"2025-10-06T07:35:08","date_gmt":"2025-10-06T05:35:08","guid":{"rendered":"https:\/\/www.lintelligentdabidjan.info\/news\/?p=40463"},"modified":"2025-10-06T07:36:19","modified_gmt":"2025-10-06T05:36:19","slug":"presidentielle-2025-vagondo-diomande-et-coulibaly-kuibiert-appellent-les-prefets-a-la-neutralite","status":"publish","type":"post","link":"https:\/\/www.lintelligentdabidjan.info\/news\/presidentielle-2025-vagondo-diomande-et-coulibaly-kuibiert-appellent-les-prefets-a-la-neutralite\/","title":{"rendered":"Pr\u00e9sidentielle 2025 :  Vagondo Diomand\u00e9 et Coulibaly-Kuibiert    appellent   les pr\u00e9fets \u00e0 la neutralit\u00e9"},"content":{"rendered":"<p><em><strong>\u00c0 moins de trois semaines de l\u2019\u00e9lection pr\u00e9sidentielle du 25 octobre 2025, la Commission \u00e9lectorale ind\u00e9pendante (CEI) et le corps pr\u00e9fectoral (les pr\u00e9fets de r\u00e9gions et de d\u00e9partements) ont tenu, le vendredi 3 octobre 2025, dans  un h\u00f4tel de Yamoussoukro, une rencontre d\u2019\u00e9changes. Objectif : renforcer la coordination entre les acteurs institutionnels afin de garantir un scrutin transparent, s\u00e9curis\u00e9 et apais\u00e9.<\/strong><\/em><\/p>\n<p>Le ministre de l\u2019Int\u00e9rieur et de la S\u00e9curit\u00e9, Vagondo Diomand\u00e9, a rappel\u00e9, dans son adresse, la port\u00e9e de  cette  \u00e9ch\u00e9ance majeure \u00e0 venir. \u00abL\u2019\u00e9lection du Pr\u00e9sident de la R\u00e9publique constitue le socle de la l\u00e9gitimit\u00e9 de nos institutions et le reflet de la maturit\u00e9 de notre d\u00e9mocratie \u00bb, a-t-il d\u00e9clar\u00e9 d\u2019entr\u00e9e. S\u2019adressant aux pr\u00e9fets,  il a insist\u00e9 sur leur r\u00f4le d\u00e9terminant dans la r\u00e9ussite du processus \u00e9lectoral, en veillant \u00e0 la transparence, la s\u00e9curit\u00e9 et la s\u00e9r\u00e9nit\u00e9 du scrutin. \u00ab(\u2026) Votre r\u00f4le, en tant que repr\u00e9sentants de l\u2019\u00c9tat dans vos circonscriptions respectives, est crucial. Vous \u00eates charg\u00e9s de veiller \u00e0 ce que ce processus se d\u00e9roule dans des conditions optimales de transparence, de s\u00e9curit\u00e9 et de s\u00e9r\u00e9nit\u00e9. (\u2026) Aucun agent de l\u2019\u00c9tat ne doit pr\u00eater le flanc au soup\u00e7on de partialit\u00e9 \u00bb, a-t-il signifi\u00e9, appelant les pr\u00e9fets et sous-pr\u00e9fets \u00e0 incarner la neutralit\u00e9 de l\u2019administration et \u00e0 demeurer des acteurs de paix et de coh\u00e9sion.<\/p>\n<p> Le ministre a, par ailleurs, rappel\u00e9 que le Pr\u00e9sident de la R\u00e9publique, Alassane Ouattara, a pris toutes les dispositions n\u00e9cessaires, notamment \u00e0 travers les d\u00e9crets du 30 juillet 2025, pour assurer un scrutin apais\u00e9 et d\u00e9mocratique, gage de stabilit\u00e9 et de d\u00e9veloppement. \u00ab Vous devrez, en coordination avec la Commission \u00c9lectorale Ind\u00e9pendante, les forces de d\u00e9fense et de s\u00e9curit\u00e9 et les autorit\u00e9s locales garantir la disponibilit\u00e9 du personnel \u00e9lectoral et veiller \u00e0 ce que chaque citoyen puisse voter dans la dignit\u00e9, sans entrave, crainte ni intimidation. La s\u00e9curisation du processus ne se limite pas au jour du scrutin. Elle englobe toutes les \u00e9tapes, de la p\u00e9riode pr\u00e9\u00e9lectorale aux suites du vote. Aucun trouble, aucune violence, aucune intimidation ne doit \u00eatre tol\u00e9r\u00e9 \u00bb, a-t-il indiqu\u00e9.<\/p>\n<p><strong>Collaboration \u00e9troite avec la CEI <\/strong><\/p>\n<p>Prenant la parole \u00e0 son tour, le pr\u00e9sident de la Commission \u00e9lectorale ind\u00e9pendante, Ibrahime Coulibaly-Kuibiert  a salu\u00e9 la disponibilit\u00e9 du corps pr\u00e9fectoral, \u00ab pilier incontournable du dispositif r\u00e9publicain \u00bb. Cette rencontre, a-t-il expliqu\u00e9, visait \u00e0 informer les repr\u00e9sentants de l\u2019\u00c9tat des avanc\u00e9es dans l\u2019organisation du scrutin, de la s\u00e9curisation du processus et des \u00e9tapes \u00e0 venir jusqu\u2019au jour du vote. Selon lui, la liste \u00e9lectorale d\u00e9finitive compte 8 727 431 \u00e9lecteurs appel\u00e9s aux urnes le 25 octobre prochain. Par ailleurs, cinq candidats ont \u00e9t\u00e9 retenus par le Conseil constitutionnel pour briguer la magistrature supr\u00eame. \u00ab D\u00e8s le 11 octobre, d\u00e9butera la distribution des cartes d\u2019\u00e9lecteurs dans les 11 835 lieux de vote \u00e0 travers le pays \u00bb, a-t-il fait savoir, pr\u00e9cisant que la campagne \u00e9lectorale se tiendra du 10 au 23 octobre 2025. Le pr\u00e9sident de la CEI a \u00e9galement insist\u00e9 sur le respect des r\u00e8gles \u00e9lectorales, notamment l\u2019interdiction faite aux autorit\u00e9s administratives et militaires de participer aux activit\u00e9s politiques et aux candidats et leurs groupements  d\u2019utiliser des moyens de l\u2019\u00c9tat \u00e0 des fins partisanes.<\/p>\n<p><strong>Mobilisation g\u00e9n\u00e9rale pour la r\u00e9ussite du scrutin<\/strong><\/p>\n<p>Les \u00e9changes ont aussi port\u00e9 sur la r\u00e9quisition du personnel administratif pour les besoins du scrutin, conform\u00e9ment au d\u00e9cret n\u00b02025-653 du 30 juillet 2025. Les pr\u00e9fets ont \u00e9t\u00e9 invit\u00e9s \u00e0 veiller \u00e0 la pr\u00e9sence effective des agents r\u00e9quisitionn\u00e9s dans les bureaux de vote.  Le pr\u00e9sident Ibrahime Coulibaly-Kuibiert  a exhort\u00e9 les autorit\u00e9s locales \u00e0 maintenir une collaboration \u00e9troite avec les commissaires \u00e9lectoraux et les forces de d\u00e9fense et de s\u00e9curit\u00e9, afin d\u2019assurer la bonne tenue des op\u00e9rations \u00e9lectorales et la pr\u00e9servation de l\u2019ordre public. \u00ab Nous devons, ensemble, \u00e9lever le niveau de notre collaboration pour le service de la R\u00e9publique \u00bb, a-t-il lanc\u00e9, concluant sur une note de confiance : \u00ab Avec vous, nous r\u00e9ussirons. \u00bb<\/p>\n<p><strong> Harry Diallo depuis  Yamoussoukro<\/strong><\/p>\n","protected":false},"excerpt":{"rendered":"<p>\u00c0 moins de trois semaines de l\u2019\u00e9lection pr\u00e9sidentielle du 25 octobre 2025, la Commission \u00e9lectorale ind\u00e9pendante (CEI) et le corps pr\u00e9fectoral (les pr\u00e9fets de r\u00e9gions et de d\u00e9partements) ont tenu, le vendredi 3 octobre 2025, dans un h\u00f4tel de Yamoussoukro, une rencontre d\u2019\u00e9changes. Objectif : renforcer la coordination entre les acteurs institutionnels afin de garantir [&hellip;]<\/p>\n","protected":false},"author":4,"featured_media":40464,"comment_status":"closed","ping_status":"closed","sticky":false,"template":"","format":"standard","meta":{"footnotes":""},"categories":[2,17],"tags":[6211,6213,6212,1621,666],"class_list":["post-40463","post","type-post","status-publish","format-standard","has-post-thumbnail","hentry","category-featured","category-politique","tag-coulibaly-kuibiert","tag-neutralite","tag-prefets","tag-presidentielle-2025","tag-vagondo-diomande"],"_links":{"self":[{"href":"https:\/\/www.lintelligentdabidjan.info\/news\/wp-json\/wp\/v2\/posts\/40463","targetHints":{"allow":["GET"]}}],"collection":[{"href":"https:\/\/www.lintelligentdabidjan.info\/news\/wp-json\/wp\/v2\/posts"}],"about":[{"href":"https:\/\/www.lintelligentdabidjan.info\/news\/wp-json\/wp\/v2\/types\/post"}],"author":[{"embeddable":true,"href":"https:\/\/www.lintelligentdabidjan.info\/news\/wp-json\/wp\/v2\/users\/4"}],"replies":[{"embeddable":true,"href":"https:\/\/www.lintelligentdabidjan.info\/news\/wp-json\/wp\/v2\/comments?post=40463"}],"version-history":[{"count":1,"href":"https:\/\/www.lintelligentdabidjan.info\/news\/wp-json\/wp\/v2\/posts\/40463\/revisions"}],"predecessor-version":[{"id":40465,"href":"https:\/\/www.lintelligentdabidjan.info\/news\/wp-json\/wp\/v2\/posts\/40463\/revisions\/40465"}],"wp:featuredmedia":[{"embeddable":true,"href":"https:\/\/www.lintelligentdabidjan.info\/news\/wp-json\/wp\/v2\/media\/40464"}],"wp:attachment":[{"href":"https:\/\/www.lintelligentdabidjan.info\/news\/wp-json\/wp\/v2\/media?parent=40463"}],"wp:term":[{"taxonomy":"category","embeddable":true,"href":"https:\/\/www.lintelligentdabidjan.info\/news\/wp-json\/wp\/v2\/categories?post=40463"},{"taxonomy":"post_tag","embeddable":true,"href":"https:\/\/www.lintelligentdabidjan.info\/news\/wp-json\/wp\/v2\/tags?post=40463"}],"curies":[{"name":"wp","href":"https:\/\/api.w.org\/{rel}","templated":true}]}}