{"id":40509,"date":"2025-10-07T07:32:39","date_gmt":"2025-10-07T05:32:39","guid":{"rendered":"https:\/\/www.lintelligentdabidjan.info\/news\/?p=40509"},"modified":"2025-10-07T07:34:57","modified_gmt":"2025-10-07T05:34:57","slug":"lintelligent-en-pdf-recevant-lintelligent-dabidjan-hier-amadou-coulibaly-la-certification-un-bouclier-contre-les-fake-news","status":"publish","type":"post","link":"https:\/\/www.lintelligentdabidjan.info\/news\/lintelligent-en-pdf-recevant-lintelligent-dabidjan-hier-amadou-coulibaly-la-certification-un-bouclier-contre-les-fake-news\/","title":{"rendered":"L&#8217;Intelligent en PDF:  Recevant L&#8217;Intelligent d&#8217;Abidjan hier &#8211; Amadou Coulibaly : \u00ab La certification, un bouclier contre les fake news \u00bb"},"content":{"rendered":"<p><strong>Le ministre de la Communication, porte-parole du gouvernement, Amadou Coulibaly, a adress\u00e9 ses f\u00e9licitations au quotidien L\u2019Intelligent d\u2019Abidjan pour l\u2019obtention de la certification internationale CWA 17493 version 2019, saluant ainsi un bon signe en mati\u00e8re de fiabilit\u00e9 du journalisme, et dans le secteur des m\u00e9dias ivoiriens. Qu&#8217;est ce que Amadou Coulibaly a dit?<\/strong><\/p>\n<p>Article \u00e0 d\u00e9couvrir dans vos kiosques et en ligne sur&#8230;<\/p>\n<p><a href=\"https:\/\/news.abidjan.net\/titrologie\/39-lintelligent-dabidjan\/articles\" target=\"_blank\" rel=\"noopener\">https:\/\/news.abidjan.net\/titrologie\/39-lintelligent-dabidjan\/articles<\/a><\/p>\n<p>\u00c0 lire \u00e9galement une mobilisation non-stop jusqu\u2019au 25 octobre lanc\u00e9e au niveau de la pr\u00e9-campagne RHDP chez les jeunes; Le plaidoyer de<\/p>\n<p>CIVIS C\u00f4te d&#8217;Ivoire sur l&#8217;accord FMI-C\u00f4te d\u2019Ivoire, L\u2019Intelligent TV \u00e0 la HACA pour s\u2019enqu\u00e9rir des bonnes pratiques en mati\u00e8re de couverture de la pr\u00e9sidentielle 2025. Le gouvernement, de son c\u00f4t\u00e9, apporte un appui aux m\u00e9dias publics et priv\u00e9s dans le m\u00eame objectif, ce que Vagondo Diomand\u00e9 a dit \u00e0 Toumodi; La Mosqu\u00e9e Hadja Salamata Mariam Ouattara inaugur\u00e9e\u00a0 \u00e0 Korhogo.<\/p>\n<p>Cliquez pour les d\u00e9tails<\/p>\n<p><a href=\"https:\/\/www.afrikipresse.fr\/abonnement\" target=\"_blank\" rel=\"noopener\">https:\/\/www.afrikipresse.fr\/abonnement<\/a><\/p>\n<p>\u00c0 voir aussi sensibilisation \u00e0 la paix et concert populaire \u00e0 Toulepleu avec Anne D\u00e9sir\u00e9e Ouloto et Sidi Tour\u00e9 re\u00e7oit Scoops WALE AP GL laur\u00e9at du Prix d&#8217;excellence 2025.<\/p>\n<p><a href=\"https:\/\/www.pressecotedivoire.fr\/titrologie\" target=\"_blank\" rel=\"noopener\">https:\/\/www.pressecotedivoire.fr\/titrologie<\/a><\/p>\n","protected":false},"excerpt":{"rendered":"<p>Le ministre de la Communication, porte-parole du gouvernement, Amadou Coulibaly, a adress\u00e9 ses f\u00e9licitations au quotidien L\u2019Intelligent d\u2019Abidjan pour l\u2019obtention de la certification internationale CWA 17493 version 2019, saluant ainsi un bon signe en mati\u00e8re de fiabilit\u00e9 du journalisme, et dans le secteur des m\u00e9dias ivoiriens. Qu&#8217;est ce que Amadou Coulibaly a dit? Article \u00e0 [&hellip;]<\/p>\n","protected":false},"author":4,"featured_media":40511,"comment_status":"closed","ping_status":"closed","sticky":false,"template":"","format":"standard","meta":{"_monsterinsights_skip_tracking":false,"_monsterinsights_sitenote_active":false,"_monsterinsights_sitenote_note":"","_monsterinsights_sitenote_category":0,"footnotes":""},"categories":[2,3],"tags":[],"class_list":["post-40509","post","type-post","status-publish","format-standard","has-post-thumbnail","hentry","category-featured","category-societe"],"_links":{"self":[{"href":"https:\/\/www.lintelligentdabidjan.info\/news\/wp-json\/wp\/v2\/posts\/40509","targetHints":{"allow":["GET"]}}],"collection":[{"href":"https:\/\/www.lintelligentdabidjan.info\/news\/wp-json\/wp\/v2\/posts"}],"about":[{"href":"https:\/\/www.lintelligentdabidjan.info\/news\/wp-json\/wp\/v2\/types\/post"}],"author":[{"embeddable":true,"href":"https:\/\/www.lintelligentdabidjan.info\/news\/wp-json\/wp\/v2\/users\/4"}],"replies":[{"embeddable":true,"href":"https:\/\/www.lintelligentdabidjan.info\/news\/wp-json\/wp\/v2\/comments?post=40509"}],"version-history":[{"count":1,"href":"https:\/\/www.lintelligentdabidjan.info\/news\/wp-json\/wp\/v2\/posts\/40509\/revisions"}],"predecessor-version":[{"id":40512,"href":"https:\/\/www.lintelligentdabidjan.info\/news\/wp-json\/wp\/v2\/posts\/40509\/revisions\/40512"}],"wp:featuredmedia":[{"embeddable":true,"href":"https:\/\/www.lintelligentdabidjan.info\/news\/wp-json\/wp\/v2\/media\/40511"}],"wp:attachment":[{"href":"https:\/\/www.lintelligentdabidjan.info\/news\/wp-json\/wp\/v2\/media?parent=40509"}],"wp:term":[{"taxonomy":"category","embeddable":true,"href":"https:\/\/www.lintelligentdabidjan.info\/news\/wp-json\/wp\/v2\/categories?post=40509"},{"taxonomy":"post_tag","embeddable":true,"href":"https:\/\/www.lintelligentdabidjan.info\/news\/wp-json\/wp\/v2\/tags?post=40509"}],"curies":[{"name":"wp","href":"https:\/\/api.w.org\/{rel}","templated":true}]}}