{"id":40514,"date":"2025-10-07T07:47:27","date_gmt":"2025-10-07T05:47:27","guid":{"rendered":"https:\/\/www.lintelligentdabidjan.info\/news\/?p=40514"},"modified":"2025-10-10T20:54:16","modified_gmt":"2025-10-10T18:54:16","slug":"economie-durable-et-solidaire-plus-de-1-000-participants-de-quinze-pays-attendus-a-abidjan-en-2026","status":"publish","type":"post","link":"https:\/\/www.lintelligentdabidjan.info\/news\/economie-durable-et-solidaire-plus-de-1-000-participants-de-quinze-pays-attendus-a-abidjan-en-2026\/","title":{"rendered":"\u00c9conomie durable et solidaire-  Plus de 1 000 participants de quinze pays attendus \u00e0 Abidjan en 2026"},"content":{"rendered":"<p><em><strong>L\u2019Ong \u2018\u2019Nsider-Af\u2019\u2019, pr\u00e9sid\u00e9e par Alfred Dy, a organis\u00e9, le samedi 4 octobre 2025, au Cercle du rail \u00e0 Abidjan-Plateau, une journ\u00e9e de la sant\u00e9 durable pour lancer la prochaine \u00e9dition 2026 du Salon international de l\u2019\u00e9conomie durable et solidaire.<\/strong><\/em><\/p>\n<p>Alfred Dy, pr\u00e9sident ex\u00e9cutif de l\u2019Ong \u2018\u2019Nsider-Af\u2019\u2019 (Noyau solidaire d\u2019initiative pour le d\u00e9veloppement durable en Afrique), a indiqu\u00e9 que cette activit\u00e9 s\u2019inscrit dans le cadre du Salon international de l\u2019\u00e9conomie durable et solidaire (Sieds 2026), qui aura lieu du 18 au 19 mars 2026 \u00e0 l\u2019h\u00f4tel Sofitel Ivoire d\u2019Abidjan. Le pr\u00e9sident a pr\u00e9cis\u00e9 que l\u2019\u00e9dition 2026 du Sieds rassemblera plus de 1 000 participants issus de quinze pays, avec l\u2019ambition de faire d\u2019Abidjan un carrefour du d\u00e9veloppement durable en Afrique. Pour Alfred Dy, ce rendez-vous marque le d\u00e9but d\u2019une s\u00e9rie d\u2019actions pr\u00e9paratoires au salon.\u00ab Donner du sang, c\u2019est d\u00e9j\u00e0 contribuer \u00e0 la durabilit\u00e9 de la vie des personnes en d\u00e9tresse dans nos h\u00f4pitaux \u00bb, a-t-il affirm\u00e9, saluant l\u2019engagement des participants et exprimant sa reconnaissance au ministre de l\u2019Environnement, du D\u00e9veloppement durable et de la Transition \u00e9cologique, ainsi qu\u2019au Directeur g\u00e9n\u00e9ral du Cnts, repr\u00e9sent\u00e9 par le Dr Don Kreman Jo\u00ebl.<\/p>\n<p>Celui-ci, pour sa part, a qualifi\u00e9 cette initiative de noble et salutaire, pr\u00e9cisant que les poches de sang collect\u00e9es permettront de sauver pr\u00e8s de quarante vies. Cette journ\u00e9e de la sant\u00e9 durable a comport\u00e9 une s\u00e9ance de fitness encadr\u00e9e par un coach sportif, suivie d\u2019une op\u00e9ration de don de sang conduite par le Centre national de transfusion sanguine (Cnts).<\/p>\n<p>Port\u00e9e par une vision panafricaine, Nsider-Af entend promouvoir des solutions concr\u00e8tes dans les domaines de l\u2019environnement, de l\u2019agriculture, de la sant\u00e9, de l\u2019\u00e9nergie durable et de l\u2019\u00e9conomie solidaire et circulaire.<\/p>\n<p><strong>Mamadou Ouattara avec Fatima Sawadogo<\/strong><\/p>\n","protected":false},"excerpt":{"rendered":"<p>L\u2019Ong \u2018\u2019Nsider-Af\u2019\u2019, pr\u00e9sid\u00e9e par Alfred Dy, a organis\u00e9, le samedi 4 octobre 2025, au Cercle du rail \u00e0 Abidjan-Plateau, une journ\u00e9e de la sant\u00e9 durable pour lancer la prochaine \u00e9dition 2026 du Salon international de l\u2019\u00e9conomie durable et solidaire. Alfred Dy, pr\u00e9sident ex\u00e9cutif de l\u2019Ong \u2018\u2019Nsider-Af\u2019\u2019 (Noyau solidaire d\u2019initiative pour le d\u00e9veloppement durable en Afrique), [&hellip;]<\/p>\n","protected":false},"author":4,"featured_media":40588,"comment_status":"closed","ping_status":"closed","sticky":false,"template":"","format":"standard","meta":{"_monsterinsights_skip_tracking":false,"_monsterinsights_sitenote_active":false,"_monsterinsights_sitenote_note":"","_monsterinsights_sitenote_category":0,"footnotes":""},"categories":[2,18,3],"tags":[6241,6240,3610,1862,2990],"class_list":["post-40514","post","type-post","status-publish","format-standard","has-post-thumbnail","hentry","category-featured","category-economie","category-societe","tag-abidjan-en-2026","tag-economie-durable","tag-participants","tag-pays","tag-solidaire"],"_links":{"self":[{"href":"https:\/\/www.lintelligentdabidjan.info\/news\/wp-json\/wp\/v2\/posts\/40514","targetHints":{"allow":["GET"]}}],"collection":[{"href":"https:\/\/www.lintelligentdabidjan.info\/news\/wp-json\/wp\/v2\/posts"}],"about":[{"href":"https:\/\/www.lintelligentdabidjan.info\/news\/wp-json\/wp\/v2\/types\/post"}],"author":[{"embeddable":true,"href":"https:\/\/www.lintelligentdabidjan.info\/news\/wp-json\/wp\/v2\/users\/4"}],"replies":[{"embeddable":true,"href":"https:\/\/www.lintelligentdabidjan.info\/news\/wp-json\/wp\/v2\/comments?post=40514"}],"version-history":[{"count":2,"href":"https:\/\/www.lintelligentdabidjan.info\/news\/wp-json\/wp\/v2\/posts\/40514\/revisions"}],"predecessor-version":[{"id":40589,"href":"https:\/\/www.lintelligentdabidjan.info\/news\/wp-json\/wp\/v2\/posts\/40514\/revisions\/40589"}],"wp:featuredmedia":[{"embeddable":true,"href":"https:\/\/www.lintelligentdabidjan.info\/news\/wp-json\/wp\/v2\/media\/40588"}],"wp:attachment":[{"href":"https:\/\/www.lintelligentdabidjan.info\/news\/wp-json\/wp\/v2\/media?parent=40514"}],"wp:term":[{"taxonomy":"category","embeddable":true,"href":"https:\/\/www.lintelligentdabidjan.info\/news\/wp-json\/wp\/v2\/categories?post=40514"},{"taxonomy":"post_tag","embeddable":true,"href":"https:\/\/www.lintelligentdabidjan.info\/news\/wp-json\/wp\/v2\/tags?post=40514"}],"curies":[{"name":"wp","href":"https:\/\/api.w.org\/{rel}","templated":true}]}}