{"id":40524,"date":"2025-10-08T07:37:14","date_gmt":"2025-10-08T05:37:14","guid":{"rendered":"https:\/\/www.lintelligentdabidjan.info\/news\/?p=40524"},"modified":"2025-10-08T07:38:26","modified_gmt":"2025-10-08T05:38:26","slug":"protection-de-la-petite-enfance-grand-bassam-renforce-son-engagement","status":"publish","type":"post","link":"https:\/\/www.lintelligentdabidjan.info\/news\/protection-de-la-petite-enfance-grand-bassam-renforce-son-engagement\/","title":{"rendered":"Protection de la petite enfance-   Grand-Bassam renforce son engagement"},"content":{"rendered":"<p><em><strong>Le maire de Grand-Bassam, Jean-Louis Moulot, a rencontr\u00e9 Omar Abdi, directeur g\u00e9n\u00e9ral adjoint du Fonds des Nations unies pour l\u2019enfance (Unicef), \u00e0 la mairie de  la commune  , le samedi 4 octobre 2025.<\/strong><br \/>\n <\/em><\/p>\n<p>Cette rencontre a \u00e9t\u00e9 l\u2019occasion d\u2019\u00e9tablir un partenariat visant \u00e0 int\u00e9grer la promotion des droits de l\u2019enfant dans le sch\u00e9ma directeur de la ville. Les discussions ont port\u00e9 sur des initiatives cl\u00e9s, incluant la budg\u00e9tisation participative, l\u2019engagement des jeunes et l&#8217;int\u00e9gration des priorit\u00e9s des enfants dans les plans de d\u00e9veloppement locaux. Tout cela s&#8217;inscrit dans une approche visant \u00e0 faire de Grand-Bassam une \u201cmunicipalit\u00e9 amie des enfants\u201d. Omar Abdi a salu\u00e9 le leadership de Jean-Louis Moulot dans la promotion des droits de l&#8217;enfant, tout en mettant en avant le partenariat \u00e9tabli avec l\u2019Unicef pour concr\u00e9tiser la vision \u201cChic Bassam\u201d. \u00ab Je vous remercie pour votre invitation \u00e0 l\u2019Unicef \u00e0 devenir partenaire officiel de Chic Bassam, ce qui d\u00e9montre un engagement en faveur d\u2019une croissance verte, prosp\u00e8re et inclusive \u00bb, a d\u00e9clar\u00e9 Omar Abdi.  Pour Jean-Louis Moulot, maire de Grand-Bassam, cet engagement se traduit par des actions concr\u00e8tes en faveur du bien-\u00eatre de l&#8217;enfant, de l&#8217;\u00e9ducation, de la sant\u00e9, de la culture et de la participation citoyenne des jeunes. \u00ab Ce partenariat avec l\u2019Unicef marque une nouvelle \u00e8re pour notre ville Chic Bassam, au-del\u00e0 de son ambition de valoriser notre patrimoine urbain et historique \u00bb, a-t-il d\u00e9clar\u00e9 lors de la signature de l&#8217;accord. Cette collaboration promet d\u2019apporter des changements significatifs pour les enfants de Grand-Bassam, renfor\u00e7ant ainsi le r\u00f4le de la ville en tant que mod\u00e8le de d\u00e9veloppement inclusif et durable.<\/p>\n<p><strong>Olivier Dion avec A. Traor\u00e9 (Sercom)<\/strong><\/p>\n","protected":false},"excerpt":{"rendered":"<p>Le maire de Grand-Bassam, Jean-Louis Moulot, a rencontr\u00e9 Omar Abdi, directeur g\u00e9n\u00e9ral adjoint du Fonds des Nations unies pour l\u2019enfance (Unicef), \u00e0 la mairie de la commune , le samedi 4 octobre 2025. Cette rencontre a \u00e9t\u00e9 l\u2019occasion d\u2019\u00e9tablir un partenariat visant \u00e0 int\u00e9grer la promotion des droits de l\u2019enfant dans le sch\u00e9ma directeur de [&hellip;]<\/p>\n","protected":false},"author":4,"featured_media":40525,"comment_status":"closed","ping_status":"closed","sticky":false,"template":"","format":"standard","meta":{"_monsterinsights_skip_tracking":false,"_monsterinsights_sitenote_active":false,"_monsterinsights_sitenote_note":"","_monsterinsights_sitenote_category":0,"footnotes":""},"categories":[2,3],"tags":[2162,281,6135],"class_list":["post-40524","post","type-post","status-publish","format-standard","has-post-thumbnail","hentry","category-featured","category-societe","tag-engagement","tag-grand-bassam","tag-protection-de-la-petite-enfance"],"_links":{"self":[{"href":"https:\/\/www.lintelligentdabidjan.info\/news\/wp-json\/wp\/v2\/posts\/40524","targetHints":{"allow":["GET"]}}],"collection":[{"href":"https:\/\/www.lintelligentdabidjan.info\/news\/wp-json\/wp\/v2\/posts"}],"about":[{"href":"https:\/\/www.lintelligentdabidjan.info\/news\/wp-json\/wp\/v2\/types\/post"}],"author":[{"embeddable":true,"href":"https:\/\/www.lintelligentdabidjan.info\/news\/wp-json\/wp\/v2\/users\/4"}],"replies":[{"embeddable":true,"href":"https:\/\/www.lintelligentdabidjan.info\/news\/wp-json\/wp\/v2\/comments?post=40524"}],"version-history":[{"count":1,"href":"https:\/\/www.lintelligentdabidjan.info\/news\/wp-json\/wp\/v2\/posts\/40524\/revisions"}],"predecessor-version":[{"id":40526,"href":"https:\/\/www.lintelligentdabidjan.info\/news\/wp-json\/wp\/v2\/posts\/40524\/revisions\/40526"}],"wp:featuredmedia":[{"embeddable":true,"href":"https:\/\/www.lintelligentdabidjan.info\/news\/wp-json\/wp\/v2\/media\/40525"}],"wp:attachment":[{"href":"https:\/\/www.lintelligentdabidjan.info\/news\/wp-json\/wp\/v2\/media?parent=40524"}],"wp:term":[{"taxonomy":"category","embeddable":true,"href":"https:\/\/www.lintelligentdabidjan.info\/news\/wp-json\/wp\/v2\/categories?post=40524"},{"taxonomy":"post_tag","embeddable":true,"href":"https:\/\/www.lintelligentdabidjan.info\/news\/wp-json\/wp\/v2\/tags?post=40524"}],"curies":[{"name":"wp","href":"https:\/\/api.w.org\/{rel}","templated":true}]}}