{"id":40538,"date":"2025-10-09T07:14:49","date_gmt":"2025-10-09T05:14:49","guid":{"rendered":"https:\/\/www.lintelligentdabidjan.info\/news\/?p=40538"},"modified":"2025-10-09T07:15:04","modified_gmt":"2025-10-09T05:15:04","slug":"transparence-dans-la-gestion-le-site-bilan-du-gouvernement-presente","status":"publish","type":"post","link":"https:\/\/www.lintelligentdabidjan.info\/news\/transparence-dans-la-gestion-le-site-bilan-du-gouvernement-presente\/","title":{"rendered":"Transparence dans la gestion-   Le site bilan du gouvernement pr\u00e9sent\u00e9"},"content":{"rendered":"<p><strong>La c\u00e9r\u00e9monie officielle de pr\u00e9sentation du site du Bilan du Gouvernement www.bilan.gouv.ci s\u2019est tenue le mercredi 8 octobre 2025 \u00e0  l&#8217;auditorium de la Primature \u00e0 Abidjan-Plateau.<br \/>\n <\/strong><\/p>\n<p>R\u00e9sultat d&#8217;un travail de collecte et de synth\u00e8se, le site du bilan du gouvernement www.bilan.gouv.ci regroupe l&#8217;ensemble des r\u00e9alisations des diff\u00e9rents gouvernements dirig\u00e9s sous la pr\u00e9sidence d&#8217;Alassane Ouattara depuis 2011. Le site www.bilan.gouv.ci est d\u00e9di\u00e9 au bilan 2011-2025 de l&#8217;action gouvernementale. Ainsi, \u00e0 travers cette plateforme, le gouvernement ivoirien franchit une nouvelle \u00e9tape dans sa politique de transparence. Sur la plateforme, des donn\u00e9es pr\u00e9cises et v\u00e9rifi\u00e9es sur les grands axes de d\u00e9veloppement: paix, s\u00e9curit\u00e9, justice, gouvernance, infrastructures, agriculture, emploi, \u00e9ducation, sant\u00e9, inclusion sociale et bien d&#8217;autres sont bien d\u00e9taill\u00e9s. Les informations sont consultables et t\u00e9l\u00e9chargeables gratuitement, avec la possibilit\u00e9 d&#8217;acc\u00e9der aux bilans interm\u00e9diaires des p\u00e9riodes 2011-2015 et 2015-2020. Pour le ministre de la Communication  , Amadou Coulibaly, il est important de disposer de chiffres officiels fiables. Parce que, selon lui, l&#8217;information gouvernementale est souvent sujette \u00e0 interpr\u00e9tation ou d\u00e9formation. \u00ab Le gouvernement dans un double exercice de redevabilit\u00e9 et de communication de proximit\u00e9, auquel il se soumet volontiers et en toute pro-activit\u00e9, met \u00e0 la disposition de tous, populations, citoyens, d\u00e9cideurs, op\u00e9rateurs, bailleurs, \u00e9tudiants, chercheurs, analystes des donn\u00e9es et informations fiables qui vont permettre de rendre cr\u00e9dibles, toutes les d\u00e9clarations, les discours, les analyses, les experts qui abondent partout ces temps-ci ou \u00e0 tout le moins de leur opposer la r\u00e9alit\u00e9 de nos chiffres \u00bb, a-t-il affirm\u00e9. Karim Traor\u00e9, directeur de cabinet du Premier ministre Robert Beugr\u00e9 Mamb\u00e9, a soulign\u00e9 qu\u2019\u00e0 travers cette plateforme, il  traduit son souci de rendre compte aux populations. \u00ab Ce site illustre le souci constant du gouvernement de rendre compte de son action et de maintenir le pacte de confiance avec les populations. Il s&#8217;agit d&#8217;un outil de redevabilit\u00e9 publique, mais aussi d&#8217;un espace d&#8217;introspection collective\u00bb, a-t-il d\u00e9clar\u00e9 avant d\u2019inviter les Ivoiriens \u00e0 s&#8217;impliquer dans la construction d&#8217;une C\u00f4te d&#8217;Ivoire solidaire et prosp\u00e8re. Awa Dosso, directrice du Centre d&#8217;Information et de Communication Gouvernementale (CICG), a dit que le site est con\u00e7u comme une vitrine interactive et moderne. Il offre une traduction en plusieurs langues anglais, allemand, arabe, espagnol et italien et comporte une galerie multim\u00e9dia retra\u00e7ant, en images et en vid\u00e9os, les principales r\u00e9alisations du pays.<\/p>\n<p><strong>Mamadou Ouattara avec A. Traor\u00e9 (Sercom)<\/strong><\/p>\n","protected":false},"excerpt":{"rendered":"<p>La c\u00e9r\u00e9monie officielle de pr\u00e9sentation du site du Bilan du Gouvernement www.bilan.gouv.ci s\u2019est tenue le mercredi 8 octobre 2025 \u00e0 l&#8217;auditorium de la Primature \u00e0 Abidjan-Plateau. R\u00e9sultat d&#8217;un travail de collecte et de synth\u00e8se, le site du bilan du gouvernement www.bilan.gouv.ci regroupe l&#8217;ensemble des r\u00e9alisations des diff\u00e9rents gouvernements dirig\u00e9s sous la pr\u00e9sidence d&#8217;Alassane Ouattara depuis [&hellip;]<\/p>\n","protected":false},"author":4,"featured_media":0,"comment_status":"closed","ping_status":"closed","sticky":false,"template":"","format":"standard","meta":{"_monsterinsights_skip_tracking":false,"_monsterinsights_sitenote_active":false,"_monsterinsights_sitenote_note":"","_monsterinsights_sitenote_category":0,"footnotes":""},"categories":[2,3],"tags":[],"class_list":["post-40538","post","type-post","status-publish","format-standard","hentry","category-featured","category-societe"],"_links":{"self":[{"href":"https:\/\/www.lintelligentdabidjan.info\/news\/wp-json\/wp\/v2\/posts\/40538","targetHints":{"allow":["GET"]}}],"collection":[{"href":"https:\/\/www.lintelligentdabidjan.info\/news\/wp-json\/wp\/v2\/posts"}],"about":[{"href":"https:\/\/www.lintelligentdabidjan.info\/news\/wp-json\/wp\/v2\/types\/post"}],"author":[{"embeddable":true,"href":"https:\/\/www.lintelligentdabidjan.info\/news\/wp-json\/wp\/v2\/users\/4"}],"replies":[{"embeddable":true,"href":"https:\/\/www.lintelligentdabidjan.info\/news\/wp-json\/wp\/v2\/comments?post=40538"}],"version-history":[{"count":1,"href":"https:\/\/www.lintelligentdabidjan.info\/news\/wp-json\/wp\/v2\/posts\/40538\/revisions"}],"predecessor-version":[{"id":40539,"href":"https:\/\/www.lintelligentdabidjan.info\/news\/wp-json\/wp\/v2\/posts\/40538\/revisions\/40539"}],"wp:attachment":[{"href":"https:\/\/www.lintelligentdabidjan.info\/news\/wp-json\/wp\/v2\/media?parent=40538"}],"wp:term":[{"taxonomy":"category","embeddable":true,"href":"https:\/\/www.lintelligentdabidjan.info\/news\/wp-json\/wp\/v2\/categories?post=40538"},{"taxonomy":"post_tag","embeddable":true,"href":"https:\/\/www.lintelligentdabidjan.info\/news\/wp-json\/wp\/v2\/tags?post=40538"}],"curies":[{"name":"wp","href":"https:\/\/api.w.org\/{rel}","templated":true}]}}