{"id":40540,"date":"2025-10-09T07:18:08","date_gmt":"2025-10-09T05:18:08","guid":{"rendered":"https:\/\/www.lintelligentdabidjan.info\/news\/?p=40540"},"modified":"2025-10-09T07:18:08","modified_gmt":"2025-10-09T05:18:08","slug":"sakassou-carine-keffa-appelle-a-des-elections-presidentielles-apaisees","status":"publish","type":"post","link":"https:\/\/www.lintelligentdabidjan.info\/news\/sakassou-carine-keffa-appelle-a-des-elections-presidentielles-apaisees\/","title":{"rendered":"Sakassou &#8211;  Carine Keffa appelle \u00e0 des \u00e9lections pr\u00e9sidentielles apais\u00e9es"},"content":{"rendered":"<p><em><strong>\u00c0 quelques jours du lancement officiel de la campagne \u00e9lectorale, la Commission r\u00e9gionale des droits de l\u2019homme de Gb\u00eak\u00ea intensifie ses actions de proximit\u00e9. Le mercredi 8 octobre 2025, la pr\u00e9sidente r\u00e9gionale, Carine Keffa, a anim\u00e9 une s\u00e9ance de sensibilisation \u00e0 Sakassou. L&#8217;activit\u00e9 s&#8217;est d\u00e9roul\u00e9e dans la cour royale de Oual\u00eabo, en vue de promouvoir une  \u00e9lection pr\u00e9sidentielle apais\u00e9e.<\/strong><\/em><\/p>\n<p>Cette rencontre a mobilis\u00e9 pr\u00e8s de 150 participants, notamment des chefs coutumiers, des chefs de communaut\u00e9s, des organisations de femmes et de jeunesse ainsi que plusieurs enfants.<\/p>\n<p>Pendant plusieurs heures, la pr\u00e9sidente r\u00e9gionale a abord\u00e9 des th\u00e9matiques majeures li\u00e9es au processus \u00e9lectoral : les cons\u00e9quences des crises pass\u00e9es, la promotion du dialogue et du respect mutuel, la responsabilit\u00e9 citoyenne, la protection des droits de l\u2019homme en p\u00e9riode \u00e9lectorale, la vigilance face aux rumeurs et aux fausses informations, ainsi que la confiance dans les institutions. Dans sa communication, elle a invit\u00e9 la population de Sakassou \u00e0 un comportement responsable en cette p\u00e9riode \u00e9lectorale.<\/p>\n<p>\u00ab Dans notre contexte actuel, \u00e9vitons de diffuser des rumeurs, des discours de haine et de fausses nouvelles sur les r\u00e9seaux sociaux, car cela peut alimenter les tensions. Nous devons au contraire nous impliquer activement dans le processus \u00e9lectoral en nous informant, en v\u00e9rifiant notre inscription sur les listes \u00e9lectorales et en participant massivement au vote. C\u2019est cela aussi, la participation civique \u00bb, a soulign\u00e9 Carine Keffa.<\/p>\n<p>Elle a par ailleurs rappel\u00e9 que chaque citoyen a le droit de voter librement pour le candidat de son choix, sans intimidation ni pression. \u00ab Tant qu\u2019on va se laisser manipuler et instrumentaliser, on sera utilis\u00e9 pour commettre des actes de violence. Face \u00e0 une situation contest\u00e9e, il faut privil\u00e9gier les voies l\u00e9gales pour toute r\u00e9clamation ou contestation des r\u00e9sultats \u00bb, a-t-elle insist\u00e9.<\/p>\n<p>Pour la pr\u00e9sidente r\u00e9gionale, \u00ab l\u2019objectif est de garantir un scrutin pr\u00e9sidentiel apais\u00e9 \u00bb.<\/p>\n<p>\u00c0 l\u2019issue de cette rencontre, les participants ont pris l\u2019engagement d\u2019\u00eatre des ambassadeurs de la paix et de contribuer \u00e0 des \u00e9lections sans violence. Apr\u00e8s Sakassou, la Commission r\u00e9gionale des droits de l\u2019homme pr\u00e9voit de poursuivre cette campagne de sensibilisation dans d\u2019autres localit\u00e9s de la r\u00e9gion de Gb\u00eak\u00ea.<\/p>\n<p><strong>Nambac\u00e9r\u00e9 Jo\u00ebl<\/strong><\/p>\n","protected":false},"excerpt":{"rendered":"<p>\u00c0 quelques jours du lancement officiel de la campagne \u00e9lectorale, la Commission r\u00e9gionale des droits de l\u2019homme de Gb\u00eak\u00ea intensifie ses actions de proximit\u00e9. Le mercredi 8 octobre 2025, la pr\u00e9sidente r\u00e9gionale, Carine Keffa, a anim\u00e9 une s\u00e9ance de sensibilisation \u00e0 Sakassou. L&#8217;activit\u00e9 s&#8217;est d\u00e9roul\u00e9e dans la cour royale de Oual\u00eabo, en vue de promouvoir [&hellip;]<\/p>\n","protected":false},"author":4,"featured_media":40541,"comment_status":"closed","ping_status":"closed","sticky":false,"template":"","format":"standard","meta":{"footnotes":""},"categories":[2,17],"tags":[3993,6249,700],"class_list":["post-40540","post","type-post","status-publish","format-standard","has-post-thumbnail","hentry","category-featured","category-politique","tag-carine-keffa","tag-elections-presidentielles-apaisees","tag-sakassou"],"_links":{"self":[{"href":"https:\/\/www.lintelligentdabidjan.info\/news\/wp-json\/wp\/v2\/posts\/40540","targetHints":{"allow":["GET"]}}],"collection":[{"href":"https:\/\/www.lintelligentdabidjan.info\/news\/wp-json\/wp\/v2\/posts"}],"about":[{"href":"https:\/\/www.lintelligentdabidjan.info\/news\/wp-json\/wp\/v2\/types\/post"}],"author":[{"embeddable":true,"href":"https:\/\/www.lintelligentdabidjan.info\/news\/wp-json\/wp\/v2\/users\/4"}],"replies":[{"embeddable":true,"href":"https:\/\/www.lintelligentdabidjan.info\/news\/wp-json\/wp\/v2\/comments?post=40540"}],"version-history":[{"count":1,"href":"https:\/\/www.lintelligentdabidjan.info\/news\/wp-json\/wp\/v2\/posts\/40540\/revisions"}],"predecessor-version":[{"id":40542,"href":"https:\/\/www.lintelligentdabidjan.info\/news\/wp-json\/wp\/v2\/posts\/40540\/revisions\/40542"}],"wp:featuredmedia":[{"embeddable":true,"href":"https:\/\/www.lintelligentdabidjan.info\/news\/wp-json\/wp\/v2\/media\/40541"}],"wp:attachment":[{"href":"https:\/\/www.lintelligentdabidjan.info\/news\/wp-json\/wp\/v2\/media?parent=40540"}],"wp:term":[{"taxonomy":"category","embeddable":true,"href":"https:\/\/www.lintelligentdabidjan.info\/news\/wp-json\/wp\/v2\/categories?post=40540"},{"taxonomy":"post_tag","embeddable":true,"href":"https:\/\/www.lintelligentdabidjan.info\/news\/wp-json\/wp\/v2\/tags?post=40540"}],"curies":[{"name":"wp","href":"https:\/\/api.w.org\/{rel}","templated":true}]}}