{"id":40543,"date":"2025-10-09T07:21:51","date_gmt":"2025-10-09T05:21:51","guid":{"rendered":"https:\/\/www.lintelligentdabidjan.info\/news\/?p=40543"},"modified":"2025-10-09T07:21:56","modified_gmt":"2025-10-09T05:21:56","slug":"inclusion-financiere-lapif-lance-une-campagne-de-sensibilisation-a-botro","status":"publish","type":"post","link":"https:\/\/www.lintelligentdabidjan.info\/news\/inclusion-financiere-lapif-lance-une-campagne-de-sensibilisation-a-botro\/","title":{"rendered":"Inclusion financi\u00e8re-  L\u2019APIF lance une   campagne de sensibilisation   \u00e0 Botro"},"content":{"rendered":"<p><em><strong>Apr\u00e8s la r\u00e9gion du N\u2019Zi, la campagne nationale de sensibilisation sur l\u2019\u00e9ducation financi\u00e8re a fait escale dans la r\u00e9gion du Gb\u00eak\u00ea. Le lancement officiel de cette \u00e9tape s\u2019est tenu le mardi 7 octobre 2025, dans le d\u00e9partement de Botro.<\/strong><\/em><\/p>\n<p>Port\u00e9e par l\u2019Agence de Promotion de l\u2019Inclusion Financi\u00e8re (APIF), avec l\u2019appui du Projet d\u2019Am\u00e9lioration de la Gouvernance pour la D\u00e9livrance des Services de base aux citoyens (PAGDS), cette initiative vise \u00e0 renforcer les connaissances des populations sur la gestion des ressources, l\u2019\u00e9pargne et la planification financi\u00e8re.<\/p>\n<p>Initi\u00e9 en 2020 sous la tutelle du ministre des Finances et du Budget, Adama Coulibaly, le programme, selon le directeur de l\u2019APIF, Brou Patrice, est n\u00e9 du constat d\u2019un faible niveau d\u2019\u00e9ducation financi\u00e8re en C\u00f4te d\u2019Ivoire.<\/p>\n<p>\u00ab En 2022, une \u00e9tude a montr\u00e9 que plus de la moiti\u00e9 de la population n\u2019\u00e9pargne pas. Ce constat a conduit \u00e0 l\u2019\u00e9laboration de 19 modules d\u2019\u00e9ducation financi\u00e8re portant sur l\u2019\u00e9pargne, la gestion des impr\u00e9vus, la lutte contre le surendettement ou encore la planification des d\u00e9penses \u00bb, a-t-il expliqu\u00e9.<\/p>\n<p>Il a invit\u00e9 les participants \u00e0 s\u2019approprier ces formations, convaincu qu\u2019\u00ab elles aideront \u00e0 mieux g\u00e9rer leurs finances, car bien g\u00e9rer son argent, cela s\u2019apprend \u00bb.<\/p>\n<p>Poursuivant, Brou Patrice a encourag\u00e9 les populations \u00e0 tirer pleinement profit de ces s\u00e9ances pour apprendre \u00e0 \u00e9pargner et investir de mani\u00e8re productive.<\/p>\n<p> \u00ab L\u2019\u00e9ducation financi\u00e8re, c\u2019est aussi comprendre que la richesse ne vient pas uniquement de la consommation, mais de l\u2019investissement et de la cr\u00e9ation de valeur \u00bb, a-t-il insist\u00e9.<\/p>\n<p>Pour sa part, Yao Madeleine, coordinatrice du PAGDS, a abond\u00e9 dans le m\u00eame sens, soulignant que la formation vise \u00e0 amener les populations \u00e0 adopter de bons r\u00e9flexes financiers.<\/p>\n<p> \u00ab La richesse durable d\u00e9coule de l\u2019investissement et non de la seule consommation. L\u2019\u00e9ducation financi\u00e8re permet d\u2019en prendre conscience et d\u2019agir en cons\u00e9quence \u00bb, a-t-elle affirm\u00e9.<\/p>\n<p>Le pr\u00e9fet du d\u00e9partement de Botro, Mme Ella Gbanda Odette, a, quant \u00e0 elle, exhort\u00e9 les habitants \u00e0 saisir cette opportunit\u00e9 pour renforcer leurs capacit\u00e9s financi\u00e8res.<\/p>\n<p>\u00ab On peut avoir un bon salaire et pourtant \u00eatre toujours \u00e0 d\u00e9couvert si l\u2019on augmente ses d\u00e9penses \u00e0 chaque augmentation de revenus \u00bb, a-t-elle illustr\u00e9.<\/p>\n<p>Au-del\u00e0 de la th\u00e9matique financi\u00e8re, les autorit\u00e9s ont \u00e9galement insist\u00e9 sur la n\u00e9cessit\u00e9 de pr\u00e9server la paix \u00e0 l\u2019approche de l\u2019\u00e9lection pr\u00e9sidentielle du 25 octobre 2025.<\/p>\n<p> \u00ab Je voudrais saisir cette occasion pour rappeler que les \u00e9lections \u00e0 venir doivent se d\u00e9rouler dans la paix. Les \u00e9lections ne sont pas la guerre, mais un moment de choix d\u00e9mocratique. Faisons ce choix dans la s\u00e9r\u00e9nit\u00e9 afin que Botro, le Gb\u00eak\u00ea et toute la C\u00f4te d\u2019Ivoire demeurent dans la coh\u00e9sion \u00bb, a lanc\u00e9 Mme Ella Gbanda.<\/p>\n<p>Au terme du lancement, les responsables du projet ont remis du mat\u00e9riel p\u00e9dagogique destin\u00e9 \u00e0 faciliter la formation des populations sur l\u2019inclusion financi\u00e8re. Plusieurs localit\u00e9s de la r\u00e9gion, notamment Sakassou, B\u00e9oumi, Languibonou, Bouak\u00e9 ville et Kouassibl\u00e9kro, accueilleront \u00e0 leur tour les sessions de formation. L\u2019apoth\u00e9ose de cette campagne est pr\u00e9vue pour le 10 octobre prochain \u00e0 Kouassibl\u00e9kro.<\/p>\n<p><strong>Nambac\u00e9r\u00e9 Jo\u00ebl <\/strong><\/p>\n","protected":false},"excerpt":{"rendered":"<p>Apr\u00e8s la r\u00e9gion du N\u2019Zi, la campagne nationale de sensibilisation sur l\u2019\u00e9ducation financi\u00e8re a fait escale dans la r\u00e9gion du Gb\u00eak\u00ea. Le lancement officiel de cette \u00e9tape s\u2019est tenu le mardi 7 octobre 2025, dans le d\u00e9partement de Botro. Port\u00e9e par l\u2019Agence de Promotion de l\u2019Inclusion Financi\u00e8re (APIF), avec l\u2019appui du Projet d\u2019Am\u00e9lioration de la [&hellip;]<\/p>\n","protected":false},"author":4,"featured_media":40544,"comment_status":"closed","ping_status":"closed","sticky":false,"template":"","format":"standard","meta":{"_monsterinsights_skip_tracking":false,"_monsterinsights_sitenote_active":false,"_monsterinsights_sitenote_note":"","_monsterinsights_sitenote_category":0,"footnotes":""},"categories":[2,18,3],"tags":[1387,3616,4535,6250],"class_list":["post-40543","post","type-post","status-publish","format-standard","has-post-thumbnail","hentry","category-featured","category-economie","category-societe","tag-botro","tag-campagne-de-sensibilisation","tag-inclusion-financiere","tag-lapif"],"_links":{"self":[{"href":"https:\/\/www.lintelligentdabidjan.info\/news\/wp-json\/wp\/v2\/posts\/40543","targetHints":{"allow":["GET"]}}],"collection":[{"href":"https:\/\/www.lintelligentdabidjan.info\/news\/wp-json\/wp\/v2\/posts"}],"about":[{"href":"https:\/\/www.lintelligentdabidjan.info\/news\/wp-json\/wp\/v2\/types\/post"}],"author":[{"embeddable":true,"href":"https:\/\/www.lintelligentdabidjan.info\/news\/wp-json\/wp\/v2\/users\/4"}],"replies":[{"embeddable":true,"href":"https:\/\/www.lintelligentdabidjan.info\/news\/wp-json\/wp\/v2\/comments?post=40543"}],"version-history":[{"count":1,"href":"https:\/\/www.lintelligentdabidjan.info\/news\/wp-json\/wp\/v2\/posts\/40543\/revisions"}],"predecessor-version":[{"id":40545,"href":"https:\/\/www.lintelligentdabidjan.info\/news\/wp-json\/wp\/v2\/posts\/40543\/revisions\/40545"}],"wp:featuredmedia":[{"embeddable":true,"href":"https:\/\/www.lintelligentdabidjan.info\/news\/wp-json\/wp\/v2\/media\/40544"}],"wp:attachment":[{"href":"https:\/\/www.lintelligentdabidjan.info\/news\/wp-json\/wp\/v2\/media?parent=40543"}],"wp:term":[{"taxonomy":"category","embeddable":true,"href":"https:\/\/www.lintelligentdabidjan.info\/news\/wp-json\/wp\/v2\/categories?post=40543"},{"taxonomy":"post_tag","embeddable":true,"href":"https:\/\/www.lintelligentdabidjan.info\/news\/wp-json\/wp\/v2\/tags?post=40543"}],"curies":[{"name":"wp","href":"https:\/\/api.w.org\/{rel}","templated":true}]}}