{"id":40565,"date":"2025-10-10T06:05:01","date_gmt":"2025-10-10T04:05:01","guid":{"rendered":"https:\/\/www.lintelligentdabidjan.info\/news\/?p=40565"},"modified":"2025-10-10T06:05:08","modified_gmt":"2025-10-10T04:05:08","slug":"abobo-ncho-gerard-appelle-a-une-mobilisation-citoyenne-pour-des-elections-apaisees","status":"publish","type":"post","link":"https:\/\/www.lintelligentdabidjan.info\/news\/abobo-ncho-gerard-appelle-a-une-mobilisation-citoyenne-pour-des-elections-apaisees\/","title":{"rendered":"Abobo :  N\u2019cho G\u00e9rard appelle \u00e0 une mobilisation citoyenne pour des \u00e9lections apais\u00e9es"},"content":{"rendered":"<p><em><strong>\u00c0 quelques semaines de l\u2019\u00e9lection pr\u00e9sidentielle pr\u00e9vue pour le 25 octobre 2025, une campagne nationale de sensibilisation \u00e0 la paix et \u00e0 la coh\u00e9sion sociale s\u2019est tenue le mercredi 08 octobre dans la commune d\u2019Abobo. Cette initiative, port\u00e9e par le minist\u00e8re de la Promotion de la Jeunesse, de l&#8217;Insertion Professionnelle et du Service Civique, vise \u00e0 renforcer le civisme et l\u2019engagement citoyen dans un contexte socio-politique particuli\u00e8rement sensible.<\/strong><\/em><\/p>\n<p>Lors de cette rencontre, N\u2019cho G\u00e9rard, conseiller d\u2019\u00e9ducation \u00e0 Pari-Balan et chef des services en charge de la formation, de la recherche et de l&#8217;engagement citoyen \u00e0 la Direction du civisme et de l&#8217;engagement citoyen, a tenu \u00e0 rappeler l\u2019importance d\u2019une telle action. \u00ab Cette activit\u00e9 vient en pr\u00e9lude aux \u00e9lections pr\u00e9sidentielles et aux diff\u00e9rentes \u00e9lections \u00e9lectorales qui vont se tenir en 2025-2026. \u00bb Soulignant le r\u00f4le central que joue la jeunesse dans les p\u00e9riodes \u00e9lectorales, il a alert\u00e9 sur les risques auxquels elle est expos\u00e9e. \u00ab Compte tenu du contexte socio-politique, la jeunesse est un maillon sensible dans tout ce qui est processus \u00e9lectoral. Elle constitue une frange importante au sein de la population. C\u2019est elle qui est expos\u00e9e, qui est au-devant de tout ce qui est violence \u00e9lectorale et des fl\u00e9aux qui minent notre soci\u00e9t\u00e9 en cette p\u00e9riode. \u00bb Face \u00e0 cette r\u00e9alit\u00e9, la campagne a pour ambition d\u2019\u00e9duquer les citoyens, jeunes et moins jeunes, \u00e0 adopter des comportements responsables avant, pendant et apr\u00e8s les \u00e9lections . \u00ab Quand nous venons vers les populations, ce n\u2019est pas seulement vers les jeunes, c\u2019est vers toutes les couches sociales. Mais la jeunesse reste notre priorit\u00e9, car elle est souvent utilis\u00e9e, parfois sans discernement, dans des actions nuisibles \u00e0 la paix. \u00bb Il a \u00e9galement insist\u00e9 sur l\u2019importance d\u2019adopter une attitude r\u00e9publicaine \u00e0 toutes les \u00e9tapes du processus \u00e9lectoral. \u00ab Avant les \u00e9lections, il s\u2019agit de s\u2019inscrire sur les listes \u00e9lectorales et d\u2019agir dans le respect des r\u00e8gles \u00e9tablies. Pendant les \u00e9lections, il faut \u00e9viter la violence, respecter les urnes, les agents \u00e9lectoraux et ses concitoyens. Apr\u00e8s les \u00e9lections, c\u2019est le moment d\u2019\u00eatre fair-play, d\u2019accepter les r\u00e9sultats proclam\u00e9s par la Commission \u00c9lectorale Ind\u00e9pendante et de ne pas se laisser entra\u00eener par les fake news et la d\u00e9sinformation. \u00bb<\/p>\n<p>Selon N\u2019cho G\u00e9rard, cette caravane est un v\u00e9ritable outil d\u2019\u00e9ducation \u00e0 la d\u00e9mocratie. \u00ab En r\u00e9sum\u00e9, nous \u00e9duquons les populations \u00e0 la d\u00e9mocratie participative. C\u2019est le sens de la citoyennet\u00e9 r\u00e9publicaine, de la responsabilit\u00e9 citoyenne. \u00bb La campagne, qui couvre l\u2019ensemble du district d\u2019Abidjan, y compris les communes p\u00e9riph\u00e9riques comme Bingerville, Songon et Anyama, s\u2019\u00e9tend \u00e9galement \u00e0 l\u2019int\u00e9rieur du pays. Elle a d\u00e9j\u00e0 touch\u00e9 plusieurs localit\u00e9s, notamment Bongouanou, Arrah, Dabou, Samatiguila, Korhogo ou encore Bouak\u00e9. Sa cl\u00f4ture est pr\u00e9vue aux alentours du 18 octobre 2025.<\/p>\n<p> Cette \u00e9tape de la commune d\u2019Abobo a vu la participation de plus de 300 jeunes.<\/p>\n<p> <strong>Mamadou Ouattara avec Ly Abdul<\/strong><\/p>\n","protected":false},"excerpt":{"rendered":"<p>\u00c0 quelques semaines de l\u2019\u00e9lection pr\u00e9sidentielle pr\u00e9vue pour le 25 octobre 2025, une campagne nationale de sensibilisation \u00e0 la paix et \u00e0 la coh\u00e9sion sociale s\u2019est tenue le mercredi 08 octobre dans la commune d\u2019Abobo. Cette initiative, port\u00e9e par le minist\u00e8re de la Promotion de la Jeunesse, de l&#8217;Insertion Professionnelle et du Service Civique, vise [&hellip;]<\/p>\n","protected":false},"author":4,"featured_media":40566,"comment_status":"closed","ping_status":"closed","sticky":false,"template":"","format":"standard","meta":{"_monsterinsights_skip_tracking":false,"_monsterinsights_sitenote_active":false,"_monsterinsights_sitenote_note":"","_monsterinsights_sitenote_category":0,"footnotes":""},"categories":[2,17],"tags":[295,6259,5500,2425,6258],"class_list":["post-40565","post","type-post","status-publish","format-standard","has-post-thumbnail","hentry","category-featured","category-politique","tag-abobo","tag-citoyenne","tag-elections-apaisees","tag-mobilisation","tag-ncho-gerard"],"_links":{"self":[{"href":"https:\/\/www.lintelligentdabidjan.info\/news\/wp-json\/wp\/v2\/posts\/40565","targetHints":{"allow":["GET"]}}],"collection":[{"href":"https:\/\/www.lintelligentdabidjan.info\/news\/wp-json\/wp\/v2\/posts"}],"about":[{"href":"https:\/\/www.lintelligentdabidjan.info\/news\/wp-json\/wp\/v2\/types\/post"}],"author":[{"embeddable":true,"href":"https:\/\/www.lintelligentdabidjan.info\/news\/wp-json\/wp\/v2\/users\/4"}],"replies":[{"embeddable":true,"href":"https:\/\/www.lintelligentdabidjan.info\/news\/wp-json\/wp\/v2\/comments?post=40565"}],"version-history":[{"count":1,"href":"https:\/\/www.lintelligentdabidjan.info\/news\/wp-json\/wp\/v2\/posts\/40565\/revisions"}],"predecessor-version":[{"id":40567,"href":"https:\/\/www.lintelligentdabidjan.info\/news\/wp-json\/wp\/v2\/posts\/40565\/revisions\/40567"}],"wp:featuredmedia":[{"embeddable":true,"href":"https:\/\/www.lintelligentdabidjan.info\/news\/wp-json\/wp\/v2\/media\/40566"}],"wp:attachment":[{"href":"https:\/\/www.lintelligentdabidjan.info\/news\/wp-json\/wp\/v2\/media?parent=40565"}],"wp:term":[{"taxonomy":"category","embeddable":true,"href":"https:\/\/www.lintelligentdabidjan.info\/news\/wp-json\/wp\/v2\/categories?post=40565"},{"taxonomy":"post_tag","embeddable":true,"href":"https:\/\/www.lintelligentdabidjan.info\/news\/wp-json\/wp\/v2\/tags?post=40565"}],"curies":[{"name":"wp","href":"https:\/\/api.w.org\/{rel}","templated":true}]}}