{"id":40568,"date":"2025-10-10T06:08:26","date_gmt":"2025-10-10T04:08:26","guid":{"rendered":"https:\/\/www.lintelligentdabidjan.info\/news\/?p=40568"},"modified":"2025-10-10T10:03:59","modified_gmt":"2025-10-10T08:03:59","slug":"presidentielle-2025-coulibaly-lacine-pour-la-victoire-du-candidat-ouattara-des-le-premier-tour","status":"publish","type":"post","link":"https:\/\/www.lintelligentdabidjan.info\/news\/presidentielle-2025-coulibaly-lacine-pour-la-victoire-du-candidat-ouattara-des-le-premier-tour\/","title":{"rendered":"Pr\u00e9sidentielle 2025-  Coulibaly Lacin\u00e9  pour la victoire du candidat Ouattara d\u00e8s le premier tour"},"content":{"rendered":"<p><em><strong>Le mercredi 8 octobre 2025, le mouvement \u2018\u2019Les Gardiens de la R\u00e9publique 225\u2019\u2019 (GR225) a officiellement install\u00e9 son nouveau coordinateur r\u00e9gional de San-P\u00e9dro.<\/strong><\/em><\/p>\n<p>\u00c0 la t\u00eate de cette coordination, Coulibaly Lacin\u00e9, a donn\u00e9 le ton de son engagement : la mobilisation totale pour la victoire du Pr\u00e9sident Alassane Ouattara d\u00e8s le premier tour de la pr\u00e9sidentielle. Plac\u00e9e sous le haut patronage de Fid\u00e8le Gboroton Sarassoro, ministre et Directeur de cabinet du Pr\u00e9sident de la R\u00e9publique, la c\u00e9r\u00e9monie d\u2019investiture s\u2019est tenue   \u00e0 la salle de conf\u00e9rences d\u2019 un h\u00f4tel de San-Pedro. \u00ab D\u00e8s demain, nous d\u00e9marrons la mobilisation dans les d\u00e9partements, sous-pr\u00e9fectures, villages, campements et hameaux pour assurer la victoire de notre candidat, le Pr\u00e9sident Alassane Ouattara, d\u00e8s le premier tour ! \u00bb, a d\u00e9clar\u00e9 Coulibaly Lacin\u00e9. Plac\u00e9e sous le signe de la coh\u00e9sion et de la mobilisation citoyenne, la c\u00e9r\u00e9monie a rassembl\u00e9 de nombreux acteurs politiques, chefs communautaires, leaders d\u2019associations, jeunes et femmes venus t\u00e9moigner leur soutien aux id\u00e9aux du GR225 et au Pr\u00e9sident de la R\u00e9publique. Le  nouveau coordinateur a pr\u00e9sent\u00e9 les grandes lignes de sa feuille de route, articul\u00e9e autour de quatre axes majeurs : des tourn\u00e9es de sensibilisation dans les d\u00e9partements et localit\u00e9s du Bas-Sassandra ; la mise en place de cellules locales pour un travail de proximit\u00e9 avec les populations ; des initiatives citoyennes ax\u00e9es sur le civisme et le vivre-ensemble ; une communication active sur les r\u00e9alisations du Pr\u00e9sident Alassane Ouattara.<\/p>\n<p>\u00ab La mission du GR225 \u00e0 San-P\u00e9dro s\u2019inscrit pleinement dans la vision du Chef de l\u2019\u00c9tat : une C\u00f4te d\u2019Ivoire unie, paisible et prosp\u00e8re. Nous serons les gardiens vigilants de la R\u00e9publique dans nos \u00e9coles, nos quartiers et nos villages. La paix et le d\u00e9veloppement sont nos priorit\u00e9s. \u00bb, a affirm\u00e9 Coulibaly Lacin\u00e9.<\/p>\n<p>Repr\u00e9sentant le pr\u00e9sident national du mouvement, Soro Namb\u00e9gu\u00e9 Issouf, K\u00e9ita Yeelen a salu\u00e9 l\u2019engagement des membres du GR225 \u00e0 San-Pedro et rappel\u00e9 les valeurs fondatrices du mouvement : \u00ab Le GR225 est une initiative citoyenne qui pr\u00f4ne la paix, la coh\u00e9sion et le respect des institutions. Nous soutenons la vision du Pr\u00e9sident Alassane Ouattara, b\u00e2tisseur d\u2019une C\u00f4te d\u2019Ivoire moderne, inclusive et prosp\u00e8re. \u00bb<\/p>\n<p><strong>Beker Yao<\/strong><\/p>\n","protected":false},"excerpt":{"rendered":"<p>Le mercredi 8 octobre 2025, le mouvement \u2018\u2019Les Gardiens de la R\u00e9publique 225\u2019\u2019 (GR225) a officiellement install\u00e9 son nouveau coordinateur r\u00e9gional de San-P\u00e9dro. \u00c0 la t\u00eate de cette coordination, Coulibaly Lacin\u00e9, a donn\u00e9 le ton de son engagement : la mobilisation totale pour la victoire du Pr\u00e9sident Alassane Ouattara d\u00e8s le premier tour de la [&hellip;]<\/p>\n","protected":false},"author":4,"featured_media":40569,"comment_status":"closed","ping_status":"closed","sticky":false,"template":"","format":"standard","meta":{"_monsterinsights_skip_tracking":false,"_monsterinsights_sitenote_active":false,"_monsterinsights_sitenote_note":"","_monsterinsights_sitenote_category":0,"footnotes":""},"categories":[2,17],"tags":[5937,2072,2475,1621,1893],"class_list":["post-40568","post","type-post","status-publish","format-standard","has-post-thumbnail","hentry","category-featured","category-politique","tag-candidat-ouattara","tag-coulibaly-lacine","tag-premier-tour","tag-presidentielle-2025","tag-victoire"],"_links":{"self":[{"href":"https:\/\/www.lintelligentdabidjan.info\/news\/wp-json\/wp\/v2\/posts\/40568","targetHints":{"allow":["GET"]}}],"collection":[{"href":"https:\/\/www.lintelligentdabidjan.info\/news\/wp-json\/wp\/v2\/posts"}],"about":[{"href":"https:\/\/www.lintelligentdabidjan.info\/news\/wp-json\/wp\/v2\/types\/post"}],"author":[{"embeddable":true,"href":"https:\/\/www.lintelligentdabidjan.info\/news\/wp-json\/wp\/v2\/users\/4"}],"replies":[{"embeddable":true,"href":"https:\/\/www.lintelligentdabidjan.info\/news\/wp-json\/wp\/v2\/comments?post=40568"}],"version-history":[{"count":4,"href":"https:\/\/www.lintelligentdabidjan.info\/news\/wp-json\/wp\/v2\/posts\/40568\/revisions"}],"predecessor-version":[{"id":40584,"href":"https:\/\/www.lintelligentdabidjan.info\/news\/wp-json\/wp\/v2\/posts\/40568\/revisions\/40584"}],"wp:featuredmedia":[{"embeddable":true,"href":"https:\/\/www.lintelligentdabidjan.info\/news\/wp-json\/wp\/v2\/media\/40569"}],"wp:attachment":[{"href":"https:\/\/www.lintelligentdabidjan.info\/news\/wp-json\/wp\/v2\/media?parent=40568"}],"wp:term":[{"taxonomy":"category","embeddable":true,"href":"https:\/\/www.lintelligentdabidjan.info\/news\/wp-json\/wp\/v2\/categories?post=40568"},{"taxonomy":"post_tag","embeddable":true,"href":"https:\/\/www.lintelligentdabidjan.info\/news\/wp-json\/wp\/v2\/tags?post=40568"}],"curies":[{"name":"wp","href":"https:\/\/api.w.org\/{rel}","templated":true}]}}