{"id":40571,"date":"2025-10-10T06:12:15","date_gmt":"2025-10-10T04:12:15","guid":{"rendered":"https:\/\/www.lintelligentdabidjan.info\/news\/?p=40571"},"modified":"2025-10-10T06:12:25","modified_gmt":"2025-10-10T04:12:25","slug":"lintelligent-en-pdf-presidentielle-2025-la-campagne-electorale-ouverte-le-president-de-la-cei-parle-aux-ivoiriens-et-aux-candidats","status":"publish","type":"post","link":"https:\/\/www.lintelligentdabidjan.info\/news\/lintelligent-en-pdf-presidentielle-2025-la-campagne-electorale-ouverte-le-president-de-la-cei-parle-aux-ivoiriens-et-aux-candidats\/","title":{"rendered":"L&#8217;Intelligent en PDF:    Pr\u00e9sidentielle 2025-la campagne \u00e9lectorale ouverte    Le pr\u00e9sident de la CEI parle aux Ivoiriens et aux candidats"},"content":{"rendered":"<p><strong>\u00c0 la veille de l\u2019ouverture de la campagne pour l\u2019\u00e9lection pr\u00e9sidentielle de 2025, le pr\u00e9sident de la Commission \u00e9lectorale ind\u00e9pendante (CEI), Ibrahime Coulibaly-Kuibiert, a fait une d\u00e9claration le jeudi 9 octobre 2025, au cours de laquelle il a expliqu\u00e9 aux Ivoiriens les enjeux de cette phase du processus \u00e9lectoral. S\u2019adressant aux candidats, ils les a notamment invit\u00e9s \u00e0 faire preuve de mesure et de courtoisie dans chacune de leurs prises de parole, et \u00e0 mener leur campagne dans le strict respect des r\u00e8gles du jeu, telles que prescrites par le Code \u00e9lectoral.<\/strong><\/p>\n<p>D\u00e9claration \u00e0 d\u00e9couvrir dans vos kiosques et en ligne sur&#8230;<\/p>\n<p><a href=\"https:\/\/news.abidjan.net\/titrologie\/39-lintelligent-dabidjan\/articles\" target=\"_blank\" rel=\"noopener\">https:\/\/news.abidjan.net\/titrologie\/39-lintelligent-dabidjan\/articles<\/a><\/p>\n<p>\u00c0 lire aussi le parcours inspirant d\u2019Alassane Ouattara sur grand \u00e9cran, de la BCEAO \u00e0 la Pr\u00e9sidence; Les forces vives de la Bagou\u00e9 \u00e0 Abidjan mobilis\u00e9es pour la pr\u00e9sidentielle 2025; Ce que Kandia Camara a dit sur le pl\u00e9biscite f\u00e9minin pour Ouattara; la Premi\u00e8re Dame respecte la tradition \u00e0 Daloa concernant les actions de Children of Africa; La C\u00f4te d&#8217;Ivoire double la pension minimum des retraites des travailleurs du priv\u00e9, la mission confi\u00e9e par Sidi Tour\u00e9 pour la victoire du Rhdp \u00e0 B\u00e9oumi<\/p>\n<p>Cliquez pour les d\u00e9tails<\/p>\n<p><a href=\"https:\/\/www.afrikipresse.fr\/abonnement\" target=\"_blank\" rel=\"noopener\">https:\/\/www.afrikipresse.fr\/abonnement<\/a><\/p>\n<p>\u00c0 voir \u00e9galement ce que Beugr\u00e9 Mamb\u00e9, Adama Coulibaly et Seydou Traor\u00e9 ont dit \u00e0 l&#8217;inauguration \u00e0 la Cit\u00e9 financi\u00e8re du Plateau et le lancement par la Lonaci de la 30\u1d49 \u00e9dition de la Tranche Commune Entente.<\/p>\n<p><a href=\"https:\/\/www.pressecotedivoire.fr\/titrologie\" target=\"_blank\" rel=\"noopener\">https:\/\/www.pressecotedivoire.fr\/titrologie<\/a><\/p>\n","protected":false},"excerpt":{"rendered":"<p>\u00c0 la veille de l\u2019ouverture de la campagne pour l\u2019\u00e9lection pr\u00e9sidentielle de 2025, le pr\u00e9sident de la Commission \u00e9lectorale ind\u00e9pendante (CEI), Ibrahime Coulibaly-Kuibiert, a fait une d\u00e9claration le jeudi 9 octobre 2025, au cours de laquelle il a expliqu\u00e9 aux Ivoiriens les enjeux de cette phase du processus \u00e9lectoral. S\u2019adressant aux candidats, ils les a [&hellip;]<\/p>\n","protected":false},"author":4,"featured_media":40572,"comment_status":"closed","ping_status":"closed","sticky":false,"template":"","format":"standard","meta":{"_monsterinsights_skip_tracking":false,"_monsterinsights_sitenote_active":false,"_monsterinsights_sitenote_note":"","_monsterinsights_sitenote_category":0,"footnotes":""},"categories":[2,3],"tags":[],"class_list":["post-40571","post","type-post","status-publish","format-standard","has-post-thumbnail","hentry","category-featured","category-societe"],"_links":{"self":[{"href":"https:\/\/www.lintelligentdabidjan.info\/news\/wp-json\/wp\/v2\/posts\/40571","targetHints":{"allow":["GET"]}}],"collection":[{"href":"https:\/\/www.lintelligentdabidjan.info\/news\/wp-json\/wp\/v2\/posts"}],"about":[{"href":"https:\/\/www.lintelligentdabidjan.info\/news\/wp-json\/wp\/v2\/types\/post"}],"author":[{"embeddable":true,"href":"https:\/\/www.lintelligentdabidjan.info\/news\/wp-json\/wp\/v2\/users\/4"}],"replies":[{"embeddable":true,"href":"https:\/\/www.lintelligentdabidjan.info\/news\/wp-json\/wp\/v2\/comments?post=40571"}],"version-history":[{"count":1,"href":"https:\/\/www.lintelligentdabidjan.info\/news\/wp-json\/wp\/v2\/posts\/40571\/revisions"}],"predecessor-version":[{"id":40573,"href":"https:\/\/www.lintelligentdabidjan.info\/news\/wp-json\/wp\/v2\/posts\/40571\/revisions\/40573"}],"wp:featuredmedia":[{"embeddable":true,"href":"https:\/\/www.lintelligentdabidjan.info\/news\/wp-json\/wp\/v2\/media\/40572"}],"wp:attachment":[{"href":"https:\/\/www.lintelligentdabidjan.info\/news\/wp-json\/wp\/v2\/media?parent=40571"}],"wp:term":[{"taxonomy":"category","embeddable":true,"href":"https:\/\/www.lintelligentdabidjan.info\/news\/wp-json\/wp\/v2\/categories?post=40571"},{"taxonomy":"post_tag","embeddable":true,"href":"https:\/\/www.lintelligentdabidjan.info\/news\/wp-json\/wp\/v2\/tags?post=40571"}],"curies":[{"name":"wp","href":"https:\/\/api.w.org\/{rel}","templated":true}]}}