{"id":40638,"date":"2025-10-15T08:05:16","date_gmt":"2025-10-15T06:05:16","guid":{"rendered":"https:\/\/www.lintelligentdabidjan.info\/news\/?p=40638"},"modified":"2025-10-15T08:05:22","modified_gmt":"2025-10-15T06:05:22","slug":"presidentielle-2025-leon-kacou-adom-mobilise-la-diaspora-du-rhdp-a-washington-pour-la-victoire-de-ouattara","status":"publish","type":"post","link":"https:\/\/www.lintelligentdabidjan.info\/news\/presidentielle-2025-leon-kacou-adom-mobilise-la-diaspora-du-rhdp-a-washington-pour-la-victoire-de-ouattara\/","title":{"rendered":"Pr\u00e9sidentielle 2025- L\u00e9on Kacou Adom mobilise la diaspora du RHDP   \u00e0 Washington pour la victoire de Ouattara"},"content":{"rendered":"<p><em><strong>L\u00e9on Kacou Adom mobilise la diaspora du RHDP \u00e0 Washington en faveur d\u2019Alassane Ouattara pour la pr\u00e9sidentielle de 2025.<br \/>\n <\/strong><br \/>\n <\/em><\/p>\n<p>Le ministre L\u00e9on Kacou Adom a rencontr\u00e9, le samedi 11 octobre 2025, les militants du RHDP install\u00e9s dans la r\u00e9gion de Washington DC (\u00c9tats-Unis). Directeur central de campagne charg\u00e9 de la diaspora pour le compte du candidat du Rassemblement des Houphou\u00ebtistes pour la D\u00e9mocratie et la Paix (RHDP), Alassane Ouattara, il a \u00e9chang\u00e9 avec ses compatriotes dans un climat de mobilisation et d\u2019engagement.<\/p>\n<p>Cette rencontre s\u2019inscrit dans le cadre de la campagne \u00e9lectorale pour la pr\u00e9sidentielle du 25 octobre 2025, en plein essor en C\u00f4te d\u2019Ivoire comme \u00e0 l\u2019\u00e9tranger. Partis politiques et \u00e9quipes de candidats multiplient les actions de terrain, avec un m\u00eame objectif : mobiliser et convaincre les \u00e9lecteurs en portant le message de leurs champions partout o\u00f9 se trouvent des Ivoiriens.<\/p>\n<p>Lors de cette rencontre, les responsables des comit\u00e9s de base du RHDP se sont fortement mobilis\u00e9s. Par la voix de Sekou Cheikh Bamba, d\u00e9l\u00e9gu\u00e9 du parti dans la r\u00e9gion m\u00e9tropolitaine de Washington DC, ils ont r\u00e9affirm\u00e9 leur d\u00e9termination \u00e0 assurer une victoire \u00e9clatante de leur candidat d\u00e8s le premier tour, le 25 octobre prochain.<\/p>\n<p>Cette r\u00e9union a \u00e9galement servi de cadre pour lancer un appel \u00e0 la mobilisation en vue du lancement officiel de la campagne du RHDP en terre am\u00e9ricaine, pr\u00e9vu le dimanche 12 octobre 2025 \u00e0 New York.<\/p>\n<p>Sekou Cheikh Bamba a tenu \u00e0 rassurer L\u00e9on Kacou Adom de l\u2019engagement de ses camarades \u00e0 s\u2019investir pleinement pour \u00e9largir la base militante du parti au sein de la communaut\u00e9 ivoirienne aux \u00c9tats-Unis.<\/p>\n<p>De son c\u00f4t\u00e9, le directeur central de campagne a insist\u00e9 sur la n\u00e9cessit\u00e9 de l\u2019unit\u00e9 et de la coh\u00e9sion entre militants :<\/p>\n<p>\u00ab Plus nombreux, nous ferons triompher la cause du RHDP. De 2011 \u00e0 aujourd\u2019hui, \u00e0 chaque voyage en C\u00f4te d\u2019Ivoire, on constate combien les choses ont chang\u00e9 \u00bb, a-t-il d\u00e9clar\u00e9.<\/p>\n<p>Rappelant qu\u2019en 2020, la participation de la diaspora ivoirienne s\u2019\u00e9levait \u00e0 37,5 %, L\u00e9on Kacou Adom a exhort\u00e9 ses compatriotes \u00e0 faire mieux cette ann\u00e9e :<\/p>\n<p>\u00ab Si vous \u00e9tiez dix, soyez vingt-cinq cette fois-ci ! Allez convaincre les ind\u00e9cis partout o\u00f9 ils se trouvent pour qu\u2019ils rejoignent notre cause. \u00bb<\/p>\n<p>Le responsable de la campagne diaspora du RHDP a enfin invit\u00e9 les militants \u00e0 poursuivre l\u2019\u0153uvre du pr\u00e9sident Alassane Ouattara, qu\u2019il pr\u00e9sente comme un homme \u00ab marchant dans les pas de F\u00e9lix Houphou\u00ebt-Boigny \u00bb. Selon lui, les progr\u00e8s r\u00e9alis\u00e9s sous la houlette du chef de l\u2019\u00c9tat t\u00e9moignent d\u2019une C\u00f4te d\u2019Ivoire en marche vers le d\u00e9veloppement.<\/p>\n<p>\u00ab Pour son bilan, mais aussi pour les projets \u00e0 venir, continuons avec Alassane Ouattara pour une C\u00f4te d\u2019Ivoire plus grande \u00bb, a-t-il conclu.<\/p>\n<p><strong>Olivier Dion<\/strong><\/p>\n","protected":false},"excerpt":{"rendered":"<p>L\u00e9on Kacou Adom mobilise la diaspora du RHDP \u00e0 Washington en faveur d\u2019Alassane Ouattara pour la pr\u00e9sidentielle de 2025. Le ministre L\u00e9on Kacou Adom a rencontr\u00e9, le samedi 11 octobre 2025, les militants du RHDP install\u00e9s dans la r\u00e9gion de Washington DC (\u00c9tats-Unis). Directeur central de campagne charg\u00e9 de la diaspora pour le compte du [&hellip;]<\/p>\n","protected":false},"author":4,"featured_media":40639,"comment_status":"closed","ping_status":"closed","sticky":false,"template":"","format":"standard","meta":{"_monsterinsights_skip_tracking":false,"_monsterinsights_sitenote_active":false,"_monsterinsights_sitenote_note":"","_monsterinsights_sitenote_category":0,"footnotes":""},"categories":[2,17],"tags":[6275,6274,1621,6260,3907],"class_list":["post-40638","post","type-post","status-publish","format-standard","has-post-thumbnail","hentry","category-featured","category-politique","tag-la-diaspora-du-rhdp","tag-leon-kacou-adom","tag-presidentielle-2025","tag-victoire-de-ouattara","tag-washington"],"_links":{"self":[{"href":"https:\/\/www.lintelligentdabidjan.info\/news\/wp-json\/wp\/v2\/posts\/40638","targetHints":{"allow":["GET"]}}],"collection":[{"href":"https:\/\/www.lintelligentdabidjan.info\/news\/wp-json\/wp\/v2\/posts"}],"about":[{"href":"https:\/\/www.lintelligentdabidjan.info\/news\/wp-json\/wp\/v2\/types\/post"}],"author":[{"embeddable":true,"href":"https:\/\/www.lintelligentdabidjan.info\/news\/wp-json\/wp\/v2\/users\/4"}],"replies":[{"embeddable":true,"href":"https:\/\/www.lintelligentdabidjan.info\/news\/wp-json\/wp\/v2\/comments?post=40638"}],"version-history":[{"count":1,"href":"https:\/\/www.lintelligentdabidjan.info\/news\/wp-json\/wp\/v2\/posts\/40638\/revisions"}],"predecessor-version":[{"id":40640,"href":"https:\/\/www.lintelligentdabidjan.info\/news\/wp-json\/wp\/v2\/posts\/40638\/revisions\/40640"}],"wp:featuredmedia":[{"embeddable":true,"href":"https:\/\/www.lintelligentdabidjan.info\/news\/wp-json\/wp\/v2\/media\/40639"}],"wp:attachment":[{"href":"https:\/\/www.lintelligentdabidjan.info\/news\/wp-json\/wp\/v2\/media?parent=40638"}],"wp:term":[{"taxonomy":"category","embeddable":true,"href":"https:\/\/www.lintelligentdabidjan.info\/news\/wp-json\/wp\/v2\/categories?post=40638"},{"taxonomy":"post_tag","embeddable":true,"href":"https:\/\/www.lintelligentdabidjan.info\/news\/wp-json\/wp\/v2\/tags?post=40638"}],"curies":[{"name":"wp","href":"https:\/\/api.w.org\/{rel}","templated":true}]}}