{"id":40657,"date":"2025-10-17T07:18:27","date_gmt":"2025-10-17T05:18:27","guid":{"rendered":"https:\/\/www.lintelligentdabidjan.info\/news\/?p=40657"},"modified":"2025-10-17T07:21:09","modified_gmt":"2025-10-17T05:21:09","slug":"lintelligent-en-pdf-1-coup-k-o-des-le-25-octobre-2025-la-diaspora-du-denguele-mobilisee-a-treichville-pour-ouattara","status":"publish","type":"post","link":"https:\/\/www.lintelligentdabidjan.info\/news\/lintelligent-en-pdf-1-coup-k-o-des-le-25-octobre-2025-la-diaspora-du-denguele-mobilisee-a-treichville-pour-ouattara\/","title":{"rendered":"L&#8217;Intelligent en PDF: \u00ab 1 Coup K.O. \u00bb d\u00e8s le 25 octobre 2025    La Diaspora du Dengu\u00e9l\u00e9 mobilis\u00e9e   \u00e0 Treichville pour Ouattara"},"content":{"rendered":"<p><strong>Le Palais des Sports de Treichville a vibr\u00e9, le jeudi 16 octobre 2025 matin, au rythme d\u2019une mobilisation de la diaspora du Dengu\u00e9l\u00e9, r\u00e9unie autour du Ministre Ma\u00eetre Adama KAMARA, Directeur de Campagne en charge de la diaspora du Dengu\u00e9l\u00e9, pour r\u00e9affirmer son engagement en faveur du Pr\u00e9sident Alassane Ouattara, candidat du Rassemblement des Houphou\u00ebtistes pour la D\u00e9mocratie et la Paix (RHDP) \u00e0 l\u2019\u00e9lection pr\u00e9sidentielle du 25 octobre 2025.<\/strong><\/p>\n<p>Comment s&#8217;est d\u00e9roul\u00e9e la c\u00e9r\u00e9monie?<\/p>\n<p>Article \u00e0 d\u00e9couvrir dans vos kiosques et en ligne sur&#8230;<\/p>\n<p><a href=\"https:\/\/news.abidjan.net\/titrologie\/39-lintelligent-dabidjan\/articles\" target=\"_blank\" rel=\"noopener\">https:\/\/news.abidjan.net\/titrologie\/39-lintelligent-dabidjan\/articles<\/a><\/p>\n<p>\u00c0 lire aussi les \u00e9chos de la campagne du Rhdp \u00e0 Abobo, Gagnoa, Oum\u00e9, Grand B\u00e9r\u00e9by, San-Pedro,et Gabiadji, ce que les candidats Ahoua Don Mello, Henriette Lagou et Simone Gbagbo ont fait et dit, la d\u00e9claration du procureur de la R\u00e9publique sur les marches du Front commun, la r\u00e9action des b\u00e9n\u00e9ficiaires des dons de la Premi\u00e8re Dame \u00e0 Bondoukou.<\/p>\n<p>Cliquez pour les d\u00e9tails<\/p>\n<p><a href=\"https:\/\/www.afrikipresse.fr\/abonnement\" target=\"_blank\" rel=\"noopener\">https:\/\/www.afrikipresse.fr\/abonnement<\/a><\/p>\n<p>\u00c0 voir \u00e9galement :au c\u0153ur du premier vol Abidjan-Paris d\u2019Air C\u00f4te d\u2019Ivoire et la gratitude de Malick Toh\u00e9 aux dirigeants de club suite \u00e0 l&#8217;inauguration de la mosqu\u00e9e Hadja Salamata Mariam \u00e0 Korhogo.<\/p>\n<p><a href=\"https:\/\/www.pressecotedivoire.fr\/titrologie\" target=\"_blank\" rel=\"noopener\">https:\/\/www.pressecotedivoire.fr\/titrologie<\/a><\/p>\n","protected":false},"excerpt":{"rendered":"<p>Le Palais des Sports de Treichville a vibr\u00e9, le jeudi 16 octobre 2025 matin, au rythme d\u2019une mobilisation de la diaspora du Dengu\u00e9l\u00e9, r\u00e9unie autour du Ministre Ma\u00eetre Adama KAMARA, Directeur de Campagne en charge de la diaspora du Dengu\u00e9l\u00e9, pour r\u00e9affirmer son engagement en faveur du Pr\u00e9sident Alassane Ouattara, candidat du Rassemblement des Houphou\u00ebtistes [&hellip;]<\/p>\n","protected":false},"author":4,"featured_media":40658,"comment_status":"closed","ping_status":"closed","sticky":false,"template":"","format":"standard","meta":{"_monsterinsights_skip_tracking":false,"_monsterinsights_sitenote_active":false,"_monsterinsights_sitenote_note":"","_monsterinsights_sitenote_category":0,"footnotes":""},"categories":[2,3],"tags":[],"class_list":["post-40657","post","type-post","status-publish","format-standard","has-post-thumbnail","hentry","category-featured","category-societe"],"_links":{"self":[{"href":"https:\/\/www.lintelligentdabidjan.info\/news\/wp-json\/wp\/v2\/posts\/40657","targetHints":{"allow":["GET"]}}],"collection":[{"href":"https:\/\/www.lintelligentdabidjan.info\/news\/wp-json\/wp\/v2\/posts"}],"about":[{"href":"https:\/\/www.lintelligentdabidjan.info\/news\/wp-json\/wp\/v2\/types\/post"}],"author":[{"embeddable":true,"href":"https:\/\/www.lintelligentdabidjan.info\/news\/wp-json\/wp\/v2\/users\/4"}],"replies":[{"embeddable":true,"href":"https:\/\/www.lintelligentdabidjan.info\/news\/wp-json\/wp\/v2\/comments?post=40657"}],"version-history":[{"count":1,"href":"https:\/\/www.lintelligentdabidjan.info\/news\/wp-json\/wp\/v2\/posts\/40657\/revisions"}],"predecessor-version":[{"id":40659,"href":"https:\/\/www.lintelligentdabidjan.info\/news\/wp-json\/wp\/v2\/posts\/40657\/revisions\/40659"}],"wp:featuredmedia":[{"embeddable":true,"href":"https:\/\/www.lintelligentdabidjan.info\/news\/wp-json\/wp\/v2\/media\/40658"}],"wp:attachment":[{"href":"https:\/\/www.lintelligentdabidjan.info\/news\/wp-json\/wp\/v2\/media?parent=40657"}],"wp:term":[{"taxonomy":"category","embeddable":true,"href":"https:\/\/www.lintelligentdabidjan.info\/news\/wp-json\/wp\/v2\/categories?post=40657"},{"taxonomy":"post_tag","embeddable":true,"href":"https:\/\/www.lintelligentdabidjan.info\/news\/wp-json\/wp\/v2\/tags?post=40657"}],"curies":[{"name":"wp","href":"https:\/\/api.w.org\/{rel}","templated":true}]}}