{"id":40704,"date":"2025-10-18T08:53:50","date_gmt":"2025-10-18T06:53:50","guid":{"rendered":"https:\/\/www.lintelligentdabidjan.info\/news\/?p=40704"},"modified":"2025-10-18T08:54:03","modified_gmt":"2025-10-18T06:54:03","slug":"presidentielle-2025-ahoua-don-mello-defend-son-programme-devant-le-patronat","status":"publish","type":"post","link":"https:\/\/www.lintelligentdabidjan.info\/news\/presidentielle-2025-ahoua-don-mello-defend-son-programme-devant-le-patronat\/","title":{"rendered":"Pr\u00e9sidentielle 2025:   Ahoua Don-Mello d\u00e9fend son programme devant le patronat"},"content":{"rendered":"<p><em><strong>En lice pour la<a href=\"https:\/\/www.lintelligentdabidjan.info\/news\/presidentielle-2025-yamoussoukro-des-jeunes-formes-au-respect-des-droits-de-lhomme\/\" target=\"_blank\" rel=\"noopener\"> pr\u00e9sidentielle de 2025<\/a>, Ahoua Don Mello a d\u00e9fendu\u00a0 son programme devant les chefs d\u2019entreprises.<\/strong><\/em><\/p>\n<p>Ahoua Don-Mello, candidat ind\u00e9pendant \u00e0 la prochaine \u00e9lection pr\u00e9sidentielle ivoirienne, \u00e9tait l\u2019invit\u00e9 de la tribune \u00ab Face au Patronat \u00bb, initi\u00e9e par la Conf\u00e9d\u00e9ration G\u00e9n\u00e9rale des Entreprises de C\u00f4te d&#8217;Ivoire (Cgeci), tenue le vendredi 17 octobre 2025 \u00e0 Abidjan-Plateau.<\/p>\n<blockquote><p>nous devenions champions d&#8217;Afrique dans la transformation de nos mati\u00e8res premi\u00e8res en produits finis<\/p><\/blockquote>\n<p>Candidat \u00e0 l\u2019\u00e9lection pr\u00e9sidentielle du 25 octobre prochain, Ahoua Don-Mello a pr\u00e9sent\u00e9 au patronat ivoirien son programme \u00e9conomique pour changer la C\u00f4te d&#8217;Ivoire et accompagner le secteur priv\u00e9. Il a expos\u00e9 ses recettes sur plusieurs sujets, dont le soutien direct aux entreprises, la gouvernance publique, la politique sociale et la politique fiscale. Lors de cette tribune, il a pr\u00e9sent\u00e9 les 42 propositions de son projet de soci\u00e9t\u00e9, exprimant sa vision \u00e9conomique pour transformer la C\u00f4te d&#8217;Ivoire et soutenir le secteur priv\u00e9.\u00a0 \u00ab Ma vision, c&#8217;est de faire passer la C\u00f4te d&#8217;Ivoire du Parti \u00c9tat \u00e0 la d\u00e9mocratie, de faire de notre pays une \u00e9conomie championne d&#8217;Afrique. Nous avons \u00e9t\u00e9 champions d&#8217;Afrique dans le domaine du football. Mon ambition est que nous devenions champions d&#8217;Afrique dans la transformation de nos mati\u00e8res premi\u00e8res en produits finis : champions en chocolat, champions en coton, champions en anacarde, champions en tout ce que nous avons comme avantages \u00bb, a-t-il d\u00e9clar\u00e9. Il a affirm\u00e9 que sa politique vise \u00e0 cr\u00e9er des zones industrielles appropri\u00e9es, permettant de d\u00e9velopper une capacit\u00e9 industrielle capable de produire sur place. \u00ab Nous importons beaucoup, ce qui d\u00e9s\u00e9quilibre notre balance des paiements \u00bb, a-t-il soutenu, pr\u00e9cisant que la C\u00f4te d&#8217;Ivoire doit rechercher la technologie partout. Il a \u00e9galement insist\u00e9 sur la n\u00e9cessit\u00e9 de se battre pour la souverainet\u00e9 \u00e9conomique, en soulignant que\u00a0 la C\u00f4te d&#8217;Ivoire n&#8217;a pas r\u00e9ussi \u00e0 passer d&#8217;une \u00e9conomie primaire \u00e0 une \u00e9conomie industrialis\u00e9e.<\/p>\n<p>Concernant la gouvernance publique et la lutte contre la corruption, Ahoua Don-Mello a propos\u00e9 la mise en place de contre-pouvoirs. Il a d\u00e9nonc\u00e9 une justice partisane : \u00ab L&#8217;\u00c9tat doit \u00eatre l&#8217;arbitre entre les Pme et les <a href=\"https:\/\/news.abidjan.net\/articles\/745309\/presidentielle-2025-le-woroba-sengage-pour-un-un-coup-ko-en-faveur-dalassane-ouattara\" target=\"_blank\" rel=\"noopener\">multinationales<\/a>. Je souhaite la mise en place d&#8217;un fonds souverain en C\u00f4te d&#8217;Ivoire \u00bb, a-t-il ajout\u00e9.<\/p>\n<p>&nbsp;<\/p>\n<p>&nbsp;<\/p>\n<p><strong>Mamadou Ouattara avec A. Traor\u00e9<\/strong><\/p>\n<p>&nbsp;<\/p>\n<p>&nbsp;<\/p>\n","protected":false},"excerpt":{"rendered":"<p>En lice pour la pr\u00e9sidentielle de 2025, Ahoua Don Mello a d\u00e9fendu\u00a0 son programme devant les chefs d\u2019entreprises. Ahoua Don-Mello, candidat ind\u00e9pendant \u00e0 la prochaine \u00e9lection pr\u00e9sidentielle ivoirienne, \u00e9tait l\u2019invit\u00e9 de la tribune \u00ab Face au Patronat \u00bb, initi\u00e9e par la Conf\u00e9d\u00e9ration G\u00e9n\u00e9rale des Entreprises de C\u00f4te d&#8217;Ivoire (Cgeci), tenue le vendredi 17 octobre 2025 [&hellip;]<\/p>\n","protected":false},"author":4,"featured_media":40705,"comment_status":"closed","ping_status":"closed","sticky":false,"template":"","format":"standard","meta":{"_monsterinsights_skip_tracking":false,"_monsterinsights_sitenote_active":false,"_monsterinsights_sitenote_note":"","_monsterinsights_sitenote_category":0,"footnotes":""},"categories":[2,17],"tags":[5876,6294,1621,2918],"class_list":["post-40704","post","type-post","status-publish","format-standard","has-post-thumbnail","hentry","category-featured","category-politique","tag-ahoua-don-mello","tag-patronat","tag-presidentielle-2025","tag-programme"],"_links":{"self":[{"href":"https:\/\/www.lintelligentdabidjan.info\/news\/wp-json\/wp\/v2\/posts\/40704","targetHints":{"allow":["GET"]}}],"collection":[{"href":"https:\/\/www.lintelligentdabidjan.info\/news\/wp-json\/wp\/v2\/posts"}],"about":[{"href":"https:\/\/www.lintelligentdabidjan.info\/news\/wp-json\/wp\/v2\/types\/post"}],"author":[{"embeddable":true,"href":"https:\/\/www.lintelligentdabidjan.info\/news\/wp-json\/wp\/v2\/users\/4"}],"replies":[{"embeddable":true,"href":"https:\/\/www.lintelligentdabidjan.info\/news\/wp-json\/wp\/v2\/comments?post=40704"}],"version-history":[{"count":1,"href":"https:\/\/www.lintelligentdabidjan.info\/news\/wp-json\/wp\/v2\/posts\/40704\/revisions"}],"predecessor-version":[{"id":40706,"href":"https:\/\/www.lintelligentdabidjan.info\/news\/wp-json\/wp\/v2\/posts\/40704\/revisions\/40706"}],"wp:featuredmedia":[{"embeddable":true,"href":"https:\/\/www.lintelligentdabidjan.info\/news\/wp-json\/wp\/v2\/media\/40705"}],"wp:attachment":[{"href":"https:\/\/www.lintelligentdabidjan.info\/news\/wp-json\/wp\/v2\/media?parent=40704"}],"wp:term":[{"taxonomy":"category","embeddable":true,"href":"https:\/\/www.lintelligentdabidjan.info\/news\/wp-json\/wp\/v2\/categories?post=40704"},{"taxonomy":"post_tag","embeddable":true,"href":"https:\/\/www.lintelligentdabidjan.info\/news\/wp-json\/wp\/v2\/tags?post=40704"}],"curies":[{"name":"wp","href":"https:\/\/api.w.org\/{rel}","templated":true}]}}