{"id":40720,"date":"2025-10-20T00:06:21","date_gmt":"2025-10-19T22:06:21","guid":{"rendered":"https:\/\/www.lintelligentdabidjan.info\/news\/?p=40720"},"modified":"2025-10-20T08:01:06","modified_gmt":"2025-10-20T06:01:06","slug":"campagne-a-bouake-amadou-kone-mouille-le-maillot","status":"publish","type":"post","link":"https:\/\/www.lintelligentdabidjan.info\/news\/campagne-a-bouake-amadou-kone-mouille-le-maillot\/","title":{"rendered":"Campagne \u00e0 Bouak\u00e9 : Amadou Kon\u00e9 mouille le maillot"},"content":{"rendered":"<p><em><strong>La campagne pr\u00e9sidentielle s\u2019est ouverte le vendredi 10 octobre 2025. Le ministre Ivoirien des Transports et maire de Bouak\u00e9, Amadou Kon\u00e9, est le Directeur r\u00e9gional de campagne (DRC) du <a href=\"https:\/\/www.lintelligentdabidjan.info\/news\/presidentielle-2025-ahoua-don-mello-defend-son-programme-devant-le-patronat\/\" target=\"_blank\" rel=\"noopener\">Rassemblement des Houphou\u00ebtistes<\/a> pour la D\u00e9mocratie et la Paix (RHDP) pour la r\u00e9gion politique de Bouak\u00e9, qui comprend la ville elle-m\u00eame ainsi que les sous-pr\u00e9fectures de Dj\u00e9bonoua et Brobo. \u00c0 ce titre, il mise sur une strat\u00e9gie de proximit\u00e9, s\u2019appuyant sur les jeunes, les femmes, les transporteurs et les commer\u00e7ants, v\u00e9ritables acteurs de la zone franche locale.<\/strong><\/em><\/p>\n<p>Le DRC invite activement la population de Bouak\u00e9 \u00e0 se procurer ses cartes d\u2019\u00e9lecteur et \u00e0 se rendre aux bureaux de vote pour d\u00e9poser leur bulletin, afin de maximiser les chances du candidat du RHDP, Alassane Ouattara. Pour toucher l\u2019ensemble des habitants, il adapte son discours en s\u2019exprimant \u00e9galement en malink\u00e9, favorisant une communication claire et accessible.<\/p>\n<blockquote><p>les \u00e9lections pr\u00e9sidentielles se d\u00e9roulent dans les meilleures conditions<\/p><\/blockquote>\n<p>\u00ab Je voudrais saluer les fils et filles de Bouak\u00e9, de la sous-pr\u00e9fecture de Bouak\u00e9, des villages de Bouak\u00e9, Dj\u00e9bonoua et Brobo. Nous travaillons ensemble pour deux objectifs essentiels : premi\u00e8rement, faire en sorte que les \u00e9lections pr\u00e9sidentielles se d\u00e9roulent dans les meilleures conditions ; deuxi\u00e8mement, assurer que le coup K.O de notre candidat, soit une r\u00e9ussite totale.<a href=\"https:\/\/www.lintelligentdabidjan.info\/news\/presidentielle-dans-le-gbeke-traore-fatoumata-mobilise-pour-la-victoire-de-ouattara-a-tabako-et-allakro\/\" target=\"_blank\" rel=\"noopener\"> Alassane Ouattara<\/a> doit rester au pouvoir et disposer de toutes les forces n\u00e9cessaires, car tous les habitants ont b\u00e9n\u00e9fici\u00e9 de ses actions et de ses r\u00e9alisations. Le 25 octobre 2025, la population de Bouak\u00e9 aura l\u2019occasion de montrer sa reconnaissance. L\u2019\u00e9lection ne dure qu\u2019un seul jour. Celui qui ne votera pas le 25 octobre perdra l\u2019opportunit\u00e9 de soutenir Alassane Ouattara \u00bb, a expliqu\u00e9 le ministre Amadou Kon\u00e9.<\/p>\n<p>Dans le cadre de sa strat\u00e9gie de proximit\u00e9, Amadou Kon\u00e9 a rencontr\u00e9 les femmes, la jeunesse, les chefs traditionnels, les commer\u00e7ants et artisans de la localit\u00e9. Il a \u00e9chang\u00e9 avec eux sur les priorit\u00e9s de d\u00e9veloppement et sur l\u2019importance de leur engagement pour le succ\u00e8s de la campagne. Le maire a \u00e9galement form\u00e9 les citoyens sur le processus de vote, d\u00e9taillant \u00e9tape par \u00e9tape comment s\u2019inscrire, comment voter et l\u2019importance de chaque voix dans le scrutin, renfor\u00e7ant ainsi la mobilisation citoyenne sur le terrain.<\/p>\n<blockquote><p>Que sa victoire soit \u00e9clatante<\/p><\/blockquote>\n<p>\u00ab Bouak\u00e9 porte une grande responsabilit\u00e9, car toutes les r\u00e9gions s\u2019y retrouvent, toutes les ethnies s\u2019y croisent. Si quelqu\u2019un du Dengu\u00e9l\u00e9 vient \u00e0 Bouak\u00e9, il vote pour Bouak\u00e9, mais aussi pour Odienn\u00e9\u2026 parce que notre candidat Alassane multiplie sans cesse ses actions sur tout le territoire national. On pense qu\u2019il n\u2019y a pas de souci. Certes, il sera vainqueur, car il y a le \u201cBaraka\u201d dans son action. Mais restons tr\u00e8s prudents. Ceux qui ne l\u2019aiment pas, les minoritaires, vous ferez ce que vous voudrez. Mais comme Dieu a sa main sur lui, plus vous le pi\u00e9tinez, plus il se rel\u00e8ve. Que sa victoire soit \u00e9clatante pour que les bavardages cessent enfin. Le jour o\u00f9 nous devons montrer que notre grand-fr\u00e8re, notre papa, votre fr\u00e8re, m\u00e9rite de continuer, c\u2019est le 25 \u00bb, a-t-il insist\u00e9.<\/p>\n<p>\u00c0 l\u2019en croire, plus de 120 000 cartes d\u2019\u00e9lecteurs ont d\u00e9j\u00e0 \u00e9t\u00e9 retir\u00e9es \u00e0 Bouak\u00e9. \u00ab Il nous faut redoubler d\u2019efforts pour atteindre 200 000 cartes ici. Je sais que gr\u00e2ce \u00e0 votre engagement et \u00e0 votre<a href=\"https:\/\/www.aip.ci\/220072\/cote-divoire-aip-amadou-kone-appelle-a-la-mobilisation-pour-les-festivites-officielles-du-65e-anniversaire-de-lindependance-a-bouake\/\" target=\"_blank\" rel=\"noopener\"> d\u00e9termination<\/a>, nous allons y parvenir. Gr\u00e2ce \u00e0 vous, le premier coup K.O de notre pr\u00e9sident ne sera pas seulement un succ\u00e8s, ce sera un v\u00e9ritable coup K.O, \u00e9clatant et d\u00e9cisif ! \u00bb<\/p>\n<p><strong>Jessica MEDEBODJI <\/strong><\/p>\n","protected":false},"excerpt":{"rendered":"<p>La campagne pr\u00e9sidentielle s\u2019est ouverte le vendredi 10 octobre 2025. Le ministre Ivoirien des Transports et maire de Bouak\u00e9, Amadou Kon\u00e9, est le Directeur r\u00e9gional de campagne (DRC) du Rassemblement des Houphou\u00ebtistes pour la D\u00e9mocratie et la Paix (RHDP) pour la r\u00e9gion politique de Bouak\u00e9, qui comprend la ville elle-m\u00eame ainsi que les sous-pr\u00e9fectures de [&hellip;]<\/p>\n","protected":false},"author":4,"featured_media":40736,"comment_status":"closed","ping_status":"closed","sticky":false,"template":"","format":"standard","meta":{"_monsterinsights_skip_tracking":false,"_monsterinsights_sitenote_active":false,"_monsterinsights_sitenote_note":"","_monsterinsights_sitenote_category":0,"footnotes":""},"categories":[2,17],"tags":[473,125,556,6299],"class_list":["post-40720","post","type-post","status-publish","format-standard","has-post-thumbnail","hentry","category-featured","category-politique","tag-amadou-kone","tag-bouake","tag-campagne","tag-le-maillot"],"_links":{"self":[{"href":"https:\/\/www.lintelligentdabidjan.info\/news\/wp-json\/wp\/v2\/posts\/40720","targetHints":{"allow":["GET"]}}],"collection":[{"href":"https:\/\/www.lintelligentdabidjan.info\/news\/wp-json\/wp\/v2\/posts"}],"about":[{"href":"https:\/\/www.lintelligentdabidjan.info\/news\/wp-json\/wp\/v2\/types\/post"}],"author":[{"embeddable":true,"href":"https:\/\/www.lintelligentdabidjan.info\/news\/wp-json\/wp\/v2\/users\/4"}],"replies":[{"embeddable":true,"href":"https:\/\/www.lintelligentdabidjan.info\/news\/wp-json\/wp\/v2\/comments?post=40720"}],"version-history":[{"count":1,"href":"https:\/\/www.lintelligentdabidjan.info\/news\/wp-json\/wp\/v2\/posts\/40720\/revisions"}],"predecessor-version":[{"id":40722,"href":"https:\/\/www.lintelligentdabidjan.info\/news\/wp-json\/wp\/v2\/posts\/40720\/revisions\/40722"}],"wp:featuredmedia":[{"embeddable":true,"href":"https:\/\/www.lintelligentdabidjan.info\/news\/wp-json\/wp\/v2\/media\/40736"}],"wp:attachment":[{"href":"https:\/\/www.lintelligentdabidjan.info\/news\/wp-json\/wp\/v2\/media?parent=40720"}],"wp:term":[{"taxonomy":"category","embeddable":true,"href":"https:\/\/www.lintelligentdabidjan.info\/news\/wp-json\/wp\/v2\/categories?post=40720"},{"taxonomy":"post_tag","embeddable":true,"href":"https:\/\/www.lintelligentdabidjan.info\/news\/wp-json\/wp\/v2\/tags?post=40720"}],"curies":[{"name":"wp","href":"https:\/\/api.w.org\/{rel}","templated":true}]}}