{"id":40743,"date":"2025-10-21T08:03:36","date_gmt":"2025-10-21T06:03:36","guid":{"rendered":"https:\/\/www.lintelligentdabidjan.info\/news\/?p=40743"},"modified":"2025-10-21T08:03:40","modified_gmt":"2025-10-21T06:03:40","slug":"daloa-luniversite-jean-lorougnon-guede-mise-sur-la-foi-et-la-paix-pour-une-annee-reussie","status":"publish","type":"post","link":"https:\/\/www.lintelligentdabidjan.info\/news\/daloa-luniversite-jean-lorougnon-guede-mise-sur-la-foi-et-la-paix-pour-une-annee-reussie\/","title":{"rendered":"Daloa : L\u2019Universit\u00e9 Jean Lorougnon Gu\u00e9d\u00e9 mise sur la foi et la paix pour une ann\u00e9e r\u00e9ussie"},"content":{"rendered":"<p><em><strong>Le jeudi 16 octobre 2025, l\u2019Universit\u00e9 Jean Lorougnon Gu\u00e9d\u00e9 (UJLoG) de Daloa a lanc\u00e9 sa rentr\u00e9e acad\u00e9mique 2025-2026 lors d\u2019une c\u00e9r\u00e9monie \u0153cum\u00e9nique de pri\u00e8re, pla\u00e7ant cette nouvelle ann\u00e9e sous le signe de la foi, de la paix et de l\u2019excellence.<\/strong><\/em><\/p>\n<p>Intervenant au nom de la pr\u00e9sidente de l\u2019Universit\u00e9, Professeure Adohi Krou Viviane, le Secr\u00e9taire g\u00e9n\u00e9ral, Aka Kpol\u00e9, a insist\u00e9 sur l\u2019importance de la foi et de la <a href=\"https:\/\/www.lintelligentdabidjan.info\/news\/octobre-rose-long-aicha-a-lance-la-vague-rose\/\" target=\"_blank\" rel=\"noopener\">discipline<\/a> pour atteindre l\u2019excellence.<\/p>\n<blockquote><p>l\u2019institution de faire de la foi, de la paix et de l\u2019excellence ses valeurs fondamentales<\/p><\/blockquote>\n<p>Il s\u2019est appuy\u00e9 sur les vertus de figures bibliques comme Salomon, David et Mo\u00efse pour encourager enseignants et \u00e9tudiants \u00e0 conjuguer sagesse, humilit\u00e9 et engagement dans leurs \u00e9tudes et missions professionnelles.<\/p>\n<p>Avant de cl\u00f4turer son intervention, il a exprim\u00e9 la gratitude de la pr\u00e9sidente envers tous les participants et a r\u00e9affirm\u00e9 la volont\u00e9 de l\u2019institution de faire de la foi, de la paix et de l\u2019excellence ses valeurs fondamentales.<\/p>\n<p>Plac\u00e9e sous le th\u00e8me \u00ab\u202fFoi, paix et excellence aujourd\u2019hui pour une insertion professionnelle demain\u202f\u00bb, la c\u00e9r\u00e9monie a rassembl\u00e9 enseignants, \u00e9tudiants, personnel administratif ainsi que des guides religieux chr\u00e9tiens et musulmans.<\/p>\n<p>Dans une ambiance de recueillement et de fraternit\u00e9, chacun a pri\u00e9 pour une ann\u00e9e acad\u00e9mique harmonieuse et r\u00e9ussie.<\/p>\n<p>La pri\u00e8re d\u2019ouverture a \u00e9t\u00e9 prononc\u00e9e par le P\u00e8re Bou Marius, suivie de l\u2019intervention du Pasteur Gogoua Achille, qui a appel\u00e9 la communaut\u00e9 universitaire \u00e0 faire de la paix un socle pour la r\u00e9ussite et la coh\u00e9sion.<\/p>\n<p>Le conf\u00e9rencier principal, le P\u00e8re Ephrem Bio, a orient\u00e9 son message autour de trois axes\u202f: former le caract\u00e8re en distinguant vie personnelle et professionnelle, accomplir son devoir avec conscience, et pr\u00e9server le bien commun par le respect des lois et la coh\u00e9sion sociale.<\/p>\n<p>Dans un \u00e9lan de communion interreligieuse, l\u2019Imam El Hadj Abdallah Bamba a \u00e9lev\u00e9 une pri\u00e8re pour b\u00e9nir l\u2019Universit\u00e9 et l\u2019ensemble de sa communaut\u00e9.<\/p>\n<p>Depuis son arriv\u00e9e \u00e0 la t\u00eate de l\u2019institution, Professeure Adohi Krou Viviane a instaur\u00e9 cette tradition de pri\u00e8re au d\u00e9but de chaque <a href=\"https:\/\/www.afrikipresse.fr\/article\/hommage-aux-femmes-de-la-salubrite-francoise-remarck-salue-le-leadership-du-president-a-ouattara\" target=\"_blank\" rel=\"noopener\">ann\u00e9e acad\u00e9mique<\/a>, convaincue que coh\u00e9sion et valeurs spirituelles sont des leviers essentiels pour b\u00e2tir une universit\u00e9 performante et \u00e9panouissante.<\/p>\n<p><strong>Beker Yao <\/strong><\/p>\n<p>&nbsp;<\/p>\n","protected":false},"excerpt":{"rendered":"<p>Le jeudi 16 octobre 2025, l\u2019Universit\u00e9 Jean Lorougnon Gu\u00e9d\u00e9 (UJLoG) de Daloa a lanc\u00e9 sa rentr\u00e9e acad\u00e9mique 2025-2026 lors d\u2019une c\u00e9r\u00e9monie \u0153cum\u00e9nique de pri\u00e8re, pla\u00e7ant cette nouvelle ann\u00e9e sous le signe de la foi, de la paix et de l\u2019excellence. Intervenant au nom de la pr\u00e9sidente de l\u2019Universit\u00e9, Professeure Adohi Krou Viviane, le Secr\u00e9taire g\u00e9n\u00e9ral, [&hellip;]<\/p>\n","protected":false},"author":4,"featured_media":40744,"comment_status":"closed","ping_status":"closed","sticky":false,"template":"","format":"standard","meta":{"_monsterinsights_skip_tracking":false,"_monsterinsights_sitenote_active":false,"_monsterinsights_sitenote_note":"","_monsterinsights_sitenote_category":0,"footnotes":""},"categories":[2,3],"tags":[105,5565,6302,5972],"class_list":["post-40743","post","type-post","status-publish","format-standard","has-post-thumbnail","hentry","category-featured","category-societe","tag-daloa","tag-luniversite-jean-lorougnon-guede","tag-la-foi","tag-la-paix"],"_links":{"self":[{"href":"https:\/\/www.lintelligentdabidjan.info\/news\/wp-json\/wp\/v2\/posts\/40743","targetHints":{"allow":["GET"]}}],"collection":[{"href":"https:\/\/www.lintelligentdabidjan.info\/news\/wp-json\/wp\/v2\/posts"}],"about":[{"href":"https:\/\/www.lintelligentdabidjan.info\/news\/wp-json\/wp\/v2\/types\/post"}],"author":[{"embeddable":true,"href":"https:\/\/www.lintelligentdabidjan.info\/news\/wp-json\/wp\/v2\/users\/4"}],"replies":[{"embeddable":true,"href":"https:\/\/www.lintelligentdabidjan.info\/news\/wp-json\/wp\/v2\/comments?post=40743"}],"version-history":[{"count":1,"href":"https:\/\/www.lintelligentdabidjan.info\/news\/wp-json\/wp\/v2\/posts\/40743\/revisions"}],"predecessor-version":[{"id":40745,"href":"https:\/\/www.lintelligentdabidjan.info\/news\/wp-json\/wp\/v2\/posts\/40743\/revisions\/40745"}],"wp:featuredmedia":[{"embeddable":true,"href":"https:\/\/www.lintelligentdabidjan.info\/news\/wp-json\/wp\/v2\/media\/40744"}],"wp:attachment":[{"href":"https:\/\/www.lintelligentdabidjan.info\/news\/wp-json\/wp\/v2\/media?parent=40743"}],"wp:term":[{"taxonomy":"category","embeddable":true,"href":"https:\/\/www.lintelligentdabidjan.info\/news\/wp-json\/wp\/v2\/categories?post=40743"},{"taxonomy":"post_tag","embeddable":true,"href":"https:\/\/www.lintelligentdabidjan.info\/news\/wp-json\/wp\/v2\/tags?post=40743"}],"curies":[{"name":"wp","href":"https:\/\/api.w.org\/{rel}","templated":true}]}}