{"id":40755,"date":"2025-10-22T08:08:41","date_gmt":"2025-10-22T06:08:41","guid":{"rendered":"https:\/\/www.lintelligentdabidjan.info\/news\/?p=40755"},"modified":"2025-10-22T08:09:08","modified_gmt":"2025-10-22T06:09:08","slug":"innovations-legislatives-des-magistrats-et-greffiers-outilles-sur-les-nouvelles-legislations-ivoiriennes","status":"publish","type":"post","link":"https:\/\/www.lintelligentdabidjan.info\/news\/innovations-legislatives-des-magistrats-et-greffiers-outilles-sur-les-nouvelles-legislations-ivoiriennes\/","title":{"rendered":"Innovations l\u00e9gislatives:  Des magistrats et greffiers outill\u00e9s sur les nouvelles l\u00e9gislations ivoiriennes"},"content":{"rendered":"<p><strong> Dans le souci de renforcer les capacit\u00e9s des acteurs du syst\u00e8me judiciaire sur les innovations introduites dans la<a href=\"https:\/\/www.lintelligentdabidjan.info\/news\/session-ordinaire-et-extraordinaire-2020-234-heures-de-travaux-legislatifs-au-senat\/\" target=\"_blank\" rel=\"noopener\"> l\u00e9gislation ivoirienne<\/a>, l\u2019Institut national de formation judiciaire (INFJ) a lanc\u00e9, \u00e0 son si\u00e8ge de Cocody le mardi 21 octobre 2025, un s\u00e9minaire de formation \u00e0 l\u2019attention des magistrats et des greffiers.<\/strong><\/p>\n<p>Cette session de renforcement de capacit\u00e9s porte sur trois volets majeurs : l\u2019\u00e9tat civil, le registre du commerce et du cr\u00e9dit mobilier, et le registre des b\u00e9n\u00e9ficiaires effectifs.<\/p>\n<p>Pr\u00e9sidant la c\u00e9r\u00e9monie d\u2019ouverture, Petey No\u00eblle Angeline, directrice de l\u2019\u00e9cole de la magistrature, repr\u00e9sentante du directeur g\u00e9n\u00e9ral de l\u2019INFJ, monsieur Lebry Marie-L\u00e9onard, a salu\u00e9 la qualit\u00e9 du partenariat entre l\u2019INFJ et l\u2019Agence Fran\u00e7aise de D\u00e9veloppement (AFD), qui appuie ce programme de formation continue.<\/p>\n<p>Pour sa part, le directeur de l\u2019\u00e9cole des greffes (EG), Monsieur Tano Essan, a dirig\u00e9 la premi\u00e8re session consacr\u00e9e au th\u00e8me : \u00ab Le greffier et les nouvelles l\u00e9gislations : l\u2019\u00e9tat civil, le registre du commerce et du cr\u00e9dit mobilier, le registre des b\u00e9n\u00e9ficiaires effectifs. \u00bb<\/p>\n<blockquote><p>nouvelles exigences l\u00e9gales et r\u00e9glementaires<\/p><\/blockquote>\n<p>Sur la port\u00e9e de cette initiative, Ma\u00eetre Kouassi Bertine, sous-directrice charg\u00e9e de la formation continue \u00e0 l\u2019\u00e9cole des greffes, a pr\u00e9cis\u00e9 :<\/p>\n<p>\u00ab Ce s\u00e9minaire vise \u00e0 renforcer les comp\u00e9tences des greffiers sur les innovations apport\u00e9es depuis 2019 jusqu\u2019\u00e0 aujourd\u2019hui. L\u2019objectif est d\u2019adapter les pratiques professionnelles aux nouvelles exigences l\u00e9gales et r\u00e9glementaires. \u00bb<\/p>\n<p>Les participants ont salu\u00e9 l\u2019initiative, soulignant sa pertinence dans le contexte actuel de modernisation du cadre juridique ivoirien.<\/p>\n<p>Ainsi, le juge Tuo Doyima Joseph, du tribunal de premi\u00e8re instance d\u2019Abidjan, a indiqu\u00e9 :<\/p>\n<p>\u00ab Mes attentes pour ce s\u00e9minaire portent surtout sur les innovations l\u00e9gislatives dans les domaines civil et p\u00e9nal. Il s\u2019agit d\u2019harmoniser notre jurisprudence et d\u2019asseoir une application commune des textes afin de renforcer la coh\u00e9rence de nos d\u00e9cisions. \u00bb<\/p>\n<blockquote><p>\u00e9viter de perp\u00e9tuer d\u2019anciennes pratiques.<\/p><\/blockquote>\n<p>&nbsp;<\/p>\n<p>De son c\u00f4t\u00e9, Ma\u00eetre Fofana Brahima, administrateur des greffiers au parquet et greffier en chef adjoint au tribunal de premi\u00e8re instance de Dabou, a soulign\u00e9 l\u2019importance de cette mise \u00e0 jour professionnelle :<\/p>\n<p>\u00ab Les l\u00e9gislations \u00e9voluent. Ce s\u00e9minaire est une occasion de mettre \u00e0 jour nos connaissances pour mieux informer nos collaborateurs en juridiction et \u00e9viter de perp\u00e9tuer d\u2019anciennes pratiques. \u00bb<\/p>\n<p>Pendant quatre jours, les participants seront form\u00e9s sur les r\u00e9formes r\u00e9centes et revisiteront les textes ant\u00e9rieurs afin de consolider leurs connaissances et d\u2019assurer une meilleure <a href=\"https:\/\/www.aip.ci\/269073\/cote-divoire-aip-des-magistrats-et-greffiers-se-forment-aux-nouvelles-legislations\/?utm_source=rss&amp;utm_medium=rss&amp;utm_campaign=cote-divoire-aip-des-magistrats-et-greffiers-se-forment-aux-nouvelles-legislations&amp;amp=1\" target=\"_blank\" rel=\"noopener\">application des lois<\/a> dans les juridictions du pays.<\/p>\n<p><strong>Olivier Dion avec G\u00e9rard Batoua<\/strong><\/p>\n<p>&nbsp;<\/p>\n","protected":false},"excerpt":{"rendered":"<p>Dans le souci de renforcer les capacit\u00e9s des acteurs du syst\u00e8me judiciaire sur les innovations introduites dans la l\u00e9gislation ivoirienne, l\u2019Institut national de formation judiciaire (INFJ) a lanc\u00e9, \u00e0 son si\u00e8ge de Cocody le mardi 21 octobre 2025, un s\u00e9minaire de formation \u00e0 l\u2019attention des magistrats et des greffiers. Cette session de renforcement de capacit\u00e9s [&hellip;]<\/p>\n","protected":false},"author":4,"featured_media":40756,"comment_status":"closed","ping_status":"closed","sticky":false,"template":"","format":"standard","meta":{"_monsterinsights_skip_tracking":false,"_monsterinsights_sitenote_active":false,"_monsterinsights_sitenote_note":"","_monsterinsights_sitenote_category":0,"footnotes":""},"categories":[2,17,3],"tags":[6305,6306,714],"class_list":["post-40755","post","type-post","status-publish","format-standard","has-post-thumbnail","hentry","category-featured","category-politique","category-societe","tag-des-magistrats","tag-greffiers","tag-legislatives"],"_links":{"self":[{"href":"https:\/\/www.lintelligentdabidjan.info\/news\/wp-json\/wp\/v2\/posts\/40755","targetHints":{"allow":["GET"]}}],"collection":[{"href":"https:\/\/www.lintelligentdabidjan.info\/news\/wp-json\/wp\/v2\/posts"}],"about":[{"href":"https:\/\/www.lintelligentdabidjan.info\/news\/wp-json\/wp\/v2\/types\/post"}],"author":[{"embeddable":true,"href":"https:\/\/www.lintelligentdabidjan.info\/news\/wp-json\/wp\/v2\/users\/4"}],"replies":[{"embeddable":true,"href":"https:\/\/www.lintelligentdabidjan.info\/news\/wp-json\/wp\/v2\/comments?post=40755"}],"version-history":[{"count":1,"href":"https:\/\/www.lintelligentdabidjan.info\/news\/wp-json\/wp\/v2\/posts\/40755\/revisions"}],"predecessor-version":[{"id":40757,"href":"https:\/\/www.lintelligentdabidjan.info\/news\/wp-json\/wp\/v2\/posts\/40755\/revisions\/40757"}],"wp:featuredmedia":[{"embeddable":true,"href":"https:\/\/www.lintelligentdabidjan.info\/news\/wp-json\/wp\/v2\/media\/40756"}],"wp:attachment":[{"href":"https:\/\/www.lintelligentdabidjan.info\/news\/wp-json\/wp\/v2\/media?parent=40755"}],"wp:term":[{"taxonomy":"category","embeddable":true,"href":"https:\/\/www.lintelligentdabidjan.info\/news\/wp-json\/wp\/v2\/categories?post=40755"},{"taxonomy":"post_tag","embeddable":true,"href":"https:\/\/www.lintelligentdabidjan.info\/news\/wp-json\/wp\/v2\/tags?post=40755"}],"curies":[{"name":"wp","href":"https:\/\/api.w.org\/{rel}","templated":true}]}}