{"id":40764,"date":"2025-10-22T08:39:23","date_gmt":"2025-10-22T06:39:23","guid":{"rendered":"https:\/\/www.lintelligentdabidjan.info\/news\/?p=40764"},"modified":"2025-10-22T08:42:08","modified_gmt":"2025-10-22T06:42:08","slug":"lintelligent-en-pdf-interview-mamadou-toure-porte-parole-adjoint-du-gouvernement-le-bloc-subversif-a-choisi-dempecher-lelection","status":"publish","type":"post","link":"https:\/\/www.lintelligentdabidjan.info\/news\/lintelligent-en-pdf-interview-mamadou-toure-porte-parole-adjoint-du-gouvernement-le-bloc-subversif-a-choisi-dempecher-lelection\/","title":{"rendered":"L\u2019Intelligent en PDF :  Interview &#8211; Mamadou Tour\u00e9, porte-parole adjoint du gouvernement : \u00ab Le bloc subversif a choisi d\u2019emp\u00eacher l\u2019\u00e9lection \u00bb"},"content":{"rendered":"<p><strong>\u00c0 quelques jours du scrutin pr\u00e9sidentiel, le ministre Mamadou Tour\u00e9, porte-parole adjoint du gouvernement et du RHDP, s\u2019est exprim\u00e9 sur la cha\u00eene TV5 Monde le lundi 20 octobre 2025 . Il a d\u00e9fendu la solidit\u00e9 des institutions ivoiriennes face aux tensions politiques et accus\u00e9 un \u201cbloc subversif\u201d de vouloir emp\u00eacher la tenue du vote. Dans cet entretien, il est revenu sur la s\u00e9curit\u00e9 du processus \u00e9lectoral, la participation des \u00e9lecteurs, les critiques autour de la candidature du pr\u00e9sident Ouattara et les avanc\u00e9es socio-\u00e9conomiques du pays.<\/strong><\/p>\n<p>Interview \u00e0 d\u00e9couvrir dans vos kiosques et en ligne sur\u2026<\/p>\n<p><a href=\"https:\/\/news.abidjan.net\/titrologie\/39-lintelligent-dabidjan\/articles\" target=\"_blank\" rel=\"noopener\">https:\/\/news.abidjan.net\/titrologie\/39-lintelligent-dabidjan\/articles<\/a><\/p>\n<p>\u00c0 lire aussi le message de Gaoussou Tour\u00e9 dans le Woroba pour un \u00ab Un coup KO \u00bb, Raymonde Goudou Coffie choisit le social et le dialogue \u00e0 Toumodi, le message de Kandia \u00e0 Anyama , ce que Bacongo et Bictogo ont dit \u00e0 Marcory, Anne D\u00e9sir\u00e9e Ouloto-Lamizana invite \u00e0 un vote massif \u00e0 Blolequin o\u00f9 des militants PDCI ont bascul\u00e9 au RHDP, Simone Gbagbo attendue aujourd\u2019hui \u00e0 Yakass\u00e9-M\u00e9 et Yopougon, Ahoua Don-Mello confie sa candidature \u00e0 sa famille maternelle \u00e0 Taki-Kouam\u00e9kro dans le Gb\u00eake , Henriette Lagou promet une croissance au service du peuple<\/p>\n<p>Cliquez pour les d\u00e9tails<\/p>\n<p><a href=\"https:\/\/www.afrikipresse.fr\/abonnement\" target=\"_blank\" rel=\"noopener\">https:\/\/www.afrikipresse.fr\/abonnement<\/a><\/p>\n<p>\u00c0 voir \u00e9galement Jean-Louis Billon d\u00e9balle son projet pour le secteur du transport<\/p>\n<p>\u00e0 San Pedro et Beugr\u00e9 Mamb\u00e9 annonce de nouveaux projets pour le District des Montagnes<\/p>\n<p><a href=\"https:\/\/www.pressecotedivoire.fr\/titrologie\" target=\"_blank\" rel=\"noopener\">https:\/\/www.pressecotedivoire.fr\/titrologie<\/a><\/p>\n","protected":false},"excerpt":{"rendered":"<p>\u00c0 quelques jours du scrutin pr\u00e9sidentiel, le ministre Mamadou Tour\u00e9, porte-parole adjoint du gouvernement et du RHDP, s\u2019est exprim\u00e9 sur la cha\u00eene TV5 Monde le lundi 20 octobre 2025 . Il a d\u00e9fendu la solidit\u00e9 des institutions ivoiriennes face aux tensions politiques et accus\u00e9 un \u201cbloc subversif\u201d de vouloir emp\u00eacher la tenue du vote. Dans [&hellip;]<\/p>\n","protected":false},"author":4,"featured_media":40765,"comment_status":"closed","ping_status":"closed","sticky":false,"template":"","format":"standard","meta":{"_monsterinsights_skip_tracking":false,"_monsterinsights_sitenote_active":false,"_monsterinsights_sitenote_note":"","_monsterinsights_sitenote_category":0,"footnotes":""},"categories":[2,3],"tags":[],"class_list":["post-40764","post","type-post","status-publish","format-standard","has-post-thumbnail","hentry","category-featured","category-societe"],"_links":{"self":[{"href":"https:\/\/www.lintelligentdabidjan.info\/news\/wp-json\/wp\/v2\/posts\/40764","targetHints":{"allow":["GET"]}}],"collection":[{"href":"https:\/\/www.lintelligentdabidjan.info\/news\/wp-json\/wp\/v2\/posts"}],"about":[{"href":"https:\/\/www.lintelligentdabidjan.info\/news\/wp-json\/wp\/v2\/types\/post"}],"author":[{"embeddable":true,"href":"https:\/\/www.lintelligentdabidjan.info\/news\/wp-json\/wp\/v2\/users\/4"}],"replies":[{"embeddable":true,"href":"https:\/\/www.lintelligentdabidjan.info\/news\/wp-json\/wp\/v2\/comments?post=40764"}],"version-history":[{"count":1,"href":"https:\/\/www.lintelligentdabidjan.info\/news\/wp-json\/wp\/v2\/posts\/40764\/revisions"}],"predecessor-version":[{"id":40766,"href":"https:\/\/www.lintelligentdabidjan.info\/news\/wp-json\/wp\/v2\/posts\/40764\/revisions\/40766"}],"wp:featuredmedia":[{"embeddable":true,"href":"https:\/\/www.lintelligentdabidjan.info\/news\/wp-json\/wp\/v2\/media\/40765"}],"wp:attachment":[{"href":"https:\/\/www.lintelligentdabidjan.info\/news\/wp-json\/wp\/v2\/media?parent=40764"}],"wp:term":[{"taxonomy":"category","embeddable":true,"href":"https:\/\/www.lintelligentdabidjan.info\/news\/wp-json\/wp\/v2\/categories?post=40764"},{"taxonomy":"post_tag","embeddable":true,"href":"https:\/\/www.lintelligentdabidjan.info\/news\/wp-json\/wp\/v2\/tags?post=40764"}],"curies":[{"name":"wp","href":"https:\/\/api.w.org\/{rel}","templated":true}]}}