{"id":40767,"date":"2025-10-22T18:53:04","date_gmt":"2025-10-22T16:53:04","guid":{"rendered":"https:\/\/www.lintelligentdabidjan.info\/news\/?p=40767"},"modified":"2025-10-22T18:53:18","modified_gmt":"2025-10-22T16:53:18","slug":"cote-divoire-sortir-de-lalienation-politique","status":"publish","type":"post","link":"https:\/\/www.lintelligentdabidjan.info\/news\/cote-divoire-sortir-de-lalienation-politique\/","title":{"rendered":"C\u00d4TE D\u2019IVOIRE : Sortir de l\u2019ali\u00e9nation politique"},"content":{"rendered":"<p><strong>La vie politique en C\u00f4te d\u2019Ivoire, depuis l\u2019av\u00e8nement du multipartisme en avril 1990, n\u2019a pas arr\u00eat\u00e9e d\u2019\u00eatre rim\u00e9e par les m\u00eames sonnets. Quand approchent les joutes \u00e9lectorales, le climat socio-politique se crispe et au bout du compte, on d\u00e9nombre toujours des morts de populations.<\/strong><\/p>\n<p>Le chanteur de reggae Tiken Jah, pour caricaturer la vie politique ivoirienne fredonnait dans son tube \u00ab Mangercratie \u00bb sortie en 1996 : \u00ab ils nous utilisent comme des chameaux, ils attisent le feu et apr\u00e8s ils viennent jouer au pompier. On a tout compris ! \u00bb Pourtant jusqu\u2019\u00e0 ce jour, les Ivoiriens dans leur ensemble donnent l\u2019impression de n\u2019avoir pas du tout compris. Car, apr\u00e8s 30 ans de pratique de la d\u00e9mocratie, on assiste toujours au m\u00eame spectacle d\u00e9solant lors des p\u00e9riodes \u00e9lectorales, notamment,<a href=\"https:\/\/www.lintelligentdabidjan.info\/news\/man-dr-edouard-fonh-gbei-mobilise-pour-la-victoire-de-ouattara\/\" target=\"_blank\" rel=\"noopener\"> l\u2019\u00e9lection pr\u00e9sidentielle<\/a>.<br \/>\n\u00c0 l\u2019analyse, il n\u2019est pas faux d\u2019affirmer que les Ivoiriens, dans une large proportion, sont dans une sorte d\u2019ali\u00e9nation politique. L\u2019ali\u00e9nation politique est un concept de philosophie politique soutenu par des philosophes comme Karl Max ou Jean-Jacques Rousseau qui traduit la situation d\u2019un peuple d\u00e9poss\u00e9d\u00e9 de sa conscience et de sa capacit\u00e9 d\u2019agir politiquement.<\/p>\n<blockquote><p>impression de fracture sociale non favorable \u00e0 la pr\u00e9servation<\/p><\/blockquote>\n<p>Dans le cas de la C\u00f4te d\u2019Ivoire, celle-ci se manifeste sous plusieurs formes : le d\u00e9senchantement pour certains, quand on s\u2019en tient au tr\u00e8s faible taux d\u2019inscription des jeunes lors de la r\u00e9vision de la liste \u00e9lectorale en 2024 ; objet de manipulation voire de fanatisation, notamment, ethnique et religieuse pour d\u2019autres, \u00e0 la lecture des joutes verbales sur les r\u00e9seaux sociaux ; objet de soumission aveugle aux mots d\u2019ordre de leurs leaders politiques, quoiqu\u2019il advienne, etc.<br \/>\nTout ceci renvoie \u00e0 une impression de fracture sociale non favorable \u00e0 la pr\u00e9servation d\u2019une stabilit\u00e9 socio-\u00e9conomique durable pour le d\u00e9veloppement socio-\u00e9conomique qu\u2019a amorc\u00e9 la C\u00f4te d\u2019Ivoire depuis trois d\u00e9cennies. Pourtant, la coh\u00e9sion sociale sait refaire surface. La c\u00e9l\u00e9bration de la victoire des \u00c9l\u00e9phants footballeurs \u00e0 la CAN 2024 et leur r\u00e9cente brillante qualification pour la coupe du monde 2026 en Am\u00e9rique l\u2019attestent. Aussi, est-il normal de d\u2019affirmer que la vie politique est ce qui, en fait, pollue la coh\u00e9sion sociale en C\u00f4te d\u2019Ivoire. D\u2019o\u00f9, la n\u00e9cessit\u00e9 d\u2019aider les populations ivoiriennes, sans distinction, \u00e0 sortir de toute ali\u00e9nation politique, qui constitue la v\u00e9ritable prison \u00e9motionnelle, qui les prive de la libert\u00e9 de jouir pleinement de leur libert\u00e9 de pens\u00e9e dans leurs choix politiques et actions citoyennes constructifs.<\/p>\n<blockquote><p>l\u2019av\u00e8nement du multipartisme en C\u00f4te d\u2019Ivoire<\/p><\/blockquote>\n<p>D\u2019abord, il faut comprendre les causes profondes de cette ali\u00e9nation. Elles sont nombreuses : le manque de vision v\u00e9ritable concernant la construction nationale de nombreux leaders politiques ivoiriens ; les cons\u00e9quences des choix \u00e9go\u00efstes de ceux-ci depuis l\u2019av\u00e8nement du multipartisme en C\u00f4te d\u2019Ivoire et qui restent non sold\u00e9es jusqu\u2019\u00e0 ce jour gardant b\u00e9antes les plaies des c\u0153urs bless\u00e9s ; la marginalisation socio-\u00e9conomique d\u2019une frange appr\u00e9ciable de la population qui induit des ranc\u0153urs et constitue un v\u00e9ritable terreau, savamment exploit\u00e9 par les acteurs politiques ; la faible culture politique des populations ; l\u2019impression \u00e0 tort ou \u00e0 raison par les populations de la maturation non encore aboutie des institutions animant la d\u00e9mocratie et les rendant donc non cr\u00e9dibles pour certains. etc.<br \/>\nEnsuite, il faut y apporter des solutions r\u00e9alistes sans faux-fuyant. Pour ce faire, premi\u00e8rement, renforcer l\u2019enseignement de l\u2019\u00e9ducation civique et citoyenne \u00e0 l\u2019\u00e9cole, y cultiver la m\u00e9moire nationale et renforcer la conscience historique de la C\u00f4te d\u2019Ivoire, en enseignant l\u2019histoire de ce pays, sans la biaiser de quelque fa\u00e7on.<\/p>\n<p>Deuxi\u00e8mement, rendre cr\u00e9dibles les institutions qui animent la vie d\u00e9mocratique. Par exemple, publier localement les r\u00e9sultats de tous les bureaux de vote apr\u00e8s toute \u00e9lection et les rendre ensuite accessibles \u00e0 tous ; rendre publiques chaque ann\u00e9e, les salaires et les d\u00e9clarations de patrimoine de toute autorit\u00e9 publique\u2026<\/p>\n<p>Troisi\u00e8mement, \u00e9largir les conditions de participation citoyenne \u00e0 tous. Par exemple, exiger dans les conseils r\u00e9gionaux et mairies l\u2019\u00e9laboration de <a href=\"https:\/\/news.abidjan.net\/articles\/703228\/cote-divoire-maintenu-le-dialogue-politique-reprend-jeudi-officiel\" target=\"_blank\" rel=\"noopener\">budgets participatifs<\/a> ou encore des r\u00e9f\u00e9rendums au plans national et local sur des d\u00e9cisions d\u2019int\u00e9r\u00eats majeurs, etc. Sur ce plan, il faut voter des lois pour mettre fin aux activit\u00e9s des ONGs qui ne sont que des relais de formations politiques.<\/p>\n<blockquote><p>l\u2019\u00e9ducation et la formation<\/p><\/blockquote>\n<p>Quatri\u00e8mement, cultiver la solidarit\u00e9 nationale en veillant \u00e0 lutter contre les in\u00e9galit\u00e9s sociales et g\u00e9ographiques, par la g\u00e9n\u00e9ralisation de l\u2019\u00e9ducation et la formation adapt\u00e9es au b\u00e9n\u00e9fice de tous ainsi que le soutien aux plus vuln\u00e9rables aux niveaux social et \u00e9conomique.<br \/>\nCe chantier doit s\u2019imposer imp\u00e9rativement \u00e0 tout leader politique \u00e0 qui est confi\u00e9e la destin\u00e9e de la C\u00f4te d\u2019Ivoire, si l\u2019on veut entrer d\u00e9finitivement dans une \u00e8re de vie politique apais\u00e9e et d\u2019un vivre-ensemble renforc\u00e9. Que Le Seigneur rendre cela possible. Amine Ya Rabb !<\/p>\n<p><strong>Dr. Nurudine OYEWOLE<\/strong><br \/>\n<strong>Expert-consultant en communication Analyste politique<\/strong><\/p>\n","protected":false},"excerpt":{"rendered":"<p>La vie politique en C\u00f4te d\u2019Ivoire, depuis l\u2019av\u00e8nement du multipartisme en avril 1990, n\u2019a pas arr\u00eat\u00e9e d\u2019\u00eatre rim\u00e9e par les m\u00eames sonnets. Quand approchent les joutes \u00e9lectorales, le climat socio-politique se crispe et au bout du compte, on d\u00e9nombre toujours des morts de populations. Le chanteur de reggae Tiken Jah, pour caricaturer la vie politique [&hellip;]<\/p>\n","protected":false},"author":4,"featured_media":40769,"comment_status":"closed","ping_status":"closed","sticky":false,"template":"","format":"standard","meta":{"_monsterinsights_skip_tracking":false,"_monsterinsights_sitenote_active":false,"_monsterinsights_sitenote_note":"","_monsterinsights_sitenote_category":0,"footnotes":""},"categories":[2,17],"tags":[77,6309],"class_list":["post-40767","post","type-post","status-publish","format-standard","has-post-thumbnail","hentry","category-featured","category-politique","tag-cote-divoire","tag-lalienation-politique"],"_links":{"self":[{"href":"https:\/\/www.lintelligentdabidjan.info\/news\/wp-json\/wp\/v2\/posts\/40767","targetHints":{"allow":["GET"]}}],"collection":[{"href":"https:\/\/www.lintelligentdabidjan.info\/news\/wp-json\/wp\/v2\/posts"}],"about":[{"href":"https:\/\/www.lintelligentdabidjan.info\/news\/wp-json\/wp\/v2\/types\/post"}],"author":[{"embeddable":true,"href":"https:\/\/www.lintelligentdabidjan.info\/news\/wp-json\/wp\/v2\/users\/4"}],"replies":[{"embeddable":true,"href":"https:\/\/www.lintelligentdabidjan.info\/news\/wp-json\/wp\/v2\/comments?post=40767"}],"version-history":[{"count":1,"href":"https:\/\/www.lintelligentdabidjan.info\/news\/wp-json\/wp\/v2\/posts\/40767\/revisions"}],"predecessor-version":[{"id":40770,"href":"https:\/\/www.lintelligentdabidjan.info\/news\/wp-json\/wp\/v2\/posts\/40767\/revisions\/40770"}],"wp:featuredmedia":[{"embeddable":true,"href":"https:\/\/www.lintelligentdabidjan.info\/news\/wp-json\/wp\/v2\/media\/40769"}],"wp:attachment":[{"href":"https:\/\/www.lintelligentdabidjan.info\/news\/wp-json\/wp\/v2\/media?parent=40767"}],"wp:term":[{"taxonomy":"category","embeddable":true,"href":"https:\/\/www.lintelligentdabidjan.info\/news\/wp-json\/wp\/v2\/categories?post=40767"},{"taxonomy":"post_tag","embeddable":true,"href":"https:\/\/www.lintelligentdabidjan.info\/news\/wp-json\/wp\/v2\/tags?post=40767"}],"curies":[{"name":"wp","href":"https:\/\/api.w.org\/{rel}","templated":true}]}}