{"id":40789,"date":"2025-10-23T08:30:08","date_gmt":"2025-10-23T06:30:08","guid":{"rendered":"https:\/\/www.lintelligentdabidjan.info\/news\/?p=40789"},"modified":"2025-10-23T08:30:08","modified_gmt":"2025-10-23T06:30:08","slug":"lintelligent-en-pdf-dejeuner-avec-des-journalistes-hier-ouattara-prone-le-dialogue-et-la-responsabilite-avec-laes","status":"publish","type":"post","link":"https:\/\/www.lintelligentdabidjan.info\/news\/lintelligent-en-pdf-dejeuner-avec-des-journalistes-hier-ouattara-prone-le-dialogue-et-la-responsabilite-avec-laes\/","title":{"rendered":"\u00a0L\u2019Intelligent en PDF           D\u00e9jeuner avec des journalistes, hier           Ouattara pr\u00f4ne le dialogue\u00a0     et la responsabilit\u00e9\u00a0     avec l&#8217;AES"},"content":{"rendered":"<p dir=\"ltr\"><strong>Le mercredi 22 octobre 2025, \u00e0 sa r\u00e9sidence d\u2019Abidjan, Alassane Ouattara, candidat \u00e0 l&#8217;\u00e9lection pr\u00e9sidentielle du 25 octobre 2025, a \u00e9chang\u00e9 avec une centaine de journalistes ivoiriens et non ivoiriens int\u00e9ress\u00e9s et mobilis\u00e9s par la couverture de l\u2019\u00e9lection pr\u00e9sidentielle. Cette rencontre, organis\u00e9e sous forme de d\u00e9jeuner de presse, s\u2019est d\u00e9roul\u00e9e dans une atmosph\u00e8re conviviale et sereine.<\/strong><\/p>\n<p dir=\"ltr\">Qu\u2019a dit Ouattara au cours de cette rencontre ?<\/p>\n<p dir=\"ltr\">Article \u00e0 d\u00e9couvrir dans vos kiosques et en ligne sur\u2026<\/p>\n<p><a href=\"https:\/\/news.abidjan.net\/titrologie\/39-lintelligent-dabidjan\/articles\" target=\"_blank\" rel=\"noopener\">https:\/\/news.abidjan.net\/titrologie\/39-lintelligent-dabidjan\/articles<\/a><\/p>\n<p dir=\"ltr\">\u00c0 lire aussi Les candidatures pour les l\u00e9gislatives re\u00e7ues du 31 octobre 2025 au 12 novembre 2025 ; Le si\u00e8ge CEI br\u00fbl\u00e9 appartient \u00e0 un priv\u00e9, un nouveau si\u00e8ge d\u00e9j\u00e0 op\u00e9rationnel \u00e0 Yamoussoukro, Gbagbo annonce un congr\u00e8s au PPA-CI apr\u00e8s les l\u00e9gislatives pr\u00e9vues\u00a0en d\u00e9cembre, ce que Bruno Kon\u00e9 a dit \u00e0 Kouto,\u00a0 Kandia Camara et Minafou Fanta Coulibaly \u00e9changent avec les femmes de la finance au Plateau, le message de Anne Ouloto dans le Cavally, Simone Gbagbo appelle \u00e0 voter massivement samedi \u00e0 Yakass\u00e9-M\u00e9 et\u00a0 Yopougon, Ahoua Don-Mello sollicite les suffrages des populations de\u00a0Bongouanou, Henriette Lagou fera du secteur priv\u00e9 un partenaire strat\u00e9gique, selon M\u00e9\u00eft\u00e9 Mamoudou, ce que Jean-Louis Billon a dit \u00e0 Korhogo.<\/p>\n<p dir=\"ltr\">Cliquez pour les d\u00e9tails<\/p>\n<p><a href=\"https:\/\/www.afrikipresse.fr\/abonnement\" target=\"_blank\" rel=\"noopener\">https:\/\/www.afrikipresse.fr\/abonnement<\/a><\/p>\n<p dir=\"ltr\">\u00c0 voir \u00e9galement le conseil r\u00e9gional du Dengu\u00e9l\u00e9 re\u00e7oit du mat\u00e9riel pour le Programme d&#8217;urgence et les populations de Guitry mobilis\u00e9es pour Ouattara.<\/p>\n<p><a href=\"https:\/\/www.pressecotedivoire.fr\/titrologie\" target=\"_blank\" rel=\"noopener\">https:\/\/www.pressecotedivoire.fr\/titrologie<\/a><\/p>\n","protected":false},"excerpt":{"rendered":"<p>Le mercredi 22 octobre 2025, \u00e0 sa r\u00e9sidence d\u2019Abidjan, Alassane Ouattara, candidat \u00e0 l&#8217;\u00e9lection pr\u00e9sidentielle du 25 octobre 2025, a \u00e9chang\u00e9 avec une centaine de journalistes ivoiriens et non ivoiriens int\u00e9ress\u00e9s et mobilis\u00e9s par la couverture de l\u2019\u00e9lection pr\u00e9sidentielle. Cette rencontre, organis\u00e9e sous forme de d\u00e9jeuner de presse, s\u2019est d\u00e9roul\u00e9e dans une atmosph\u00e8re conviviale et [&hellip;]<\/p>\n","protected":false},"author":4,"featured_media":40790,"comment_status":"closed","ping_status":"closed","sticky":false,"template":"","format":"standard","meta":{"_monsterinsights_skip_tracking":false,"_monsterinsights_sitenote_active":false,"_monsterinsights_sitenote_note":"","_monsterinsights_sitenote_category":0,"footnotes":""},"categories":[2,3],"tags":[],"class_list":["post-40789","post","type-post","status-publish","format-standard","has-post-thumbnail","hentry","category-featured","category-societe"],"_links":{"self":[{"href":"https:\/\/www.lintelligentdabidjan.info\/news\/wp-json\/wp\/v2\/posts\/40789","targetHints":{"allow":["GET"]}}],"collection":[{"href":"https:\/\/www.lintelligentdabidjan.info\/news\/wp-json\/wp\/v2\/posts"}],"about":[{"href":"https:\/\/www.lintelligentdabidjan.info\/news\/wp-json\/wp\/v2\/types\/post"}],"author":[{"embeddable":true,"href":"https:\/\/www.lintelligentdabidjan.info\/news\/wp-json\/wp\/v2\/users\/4"}],"replies":[{"embeddable":true,"href":"https:\/\/www.lintelligentdabidjan.info\/news\/wp-json\/wp\/v2\/comments?post=40789"}],"version-history":[{"count":1,"href":"https:\/\/www.lintelligentdabidjan.info\/news\/wp-json\/wp\/v2\/posts\/40789\/revisions"}],"predecessor-version":[{"id":40791,"href":"https:\/\/www.lintelligentdabidjan.info\/news\/wp-json\/wp\/v2\/posts\/40789\/revisions\/40791"}],"wp:featuredmedia":[{"embeddable":true,"href":"https:\/\/www.lintelligentdabidjan.info\/news\/wp-json\/wp\/v2\/media\/40790"}],"wp:attachment":[{"href":"https:\/\/www.lintelligentdabidjan.info\/news\/wp-json\/wp\/v2\/media?parent=40789"}],"wp:term":[{"taxonomy":"category","embeddable":true,"href":"https:\/\/www.lintelligentdabidjan.info\/news\/wp-json\/wp\/v2\/categories?post=40789"},{"taxonomy":"post_tag","embeddable":true,"href":"https:\/\/www.lintelligentdabidjan.info\/news\/wp-json\/wp\/v2\/tags?post=40789"}],"curies":[{"name":"wp","href":"https:\/\/api.w.org\/{rel}","templated":true}]}}