{"id":40799,"date":"2025-10-23T19:46:51","date_gmt":"2025-10-23T17:46:51","guid":{"rendered":"https:\/\/www.lintelligentdabidjan.info\/news\/?p=40799"},"modified":"2025-10-23T19:50:20","modified_gmt":"2025-10-23T17:50:20","slug":"caravanes-de-fin-de-campagne-ouattara-et-le-rhdp-mobilisent-des-millions-de-personnes-dans-les-rues","status":"publish","type":"post","link":"https:\/\/www.lintelligentdabidjan.info\/news\/caravanes-de-fin-de-campagne-ouattara-et-le-rhdp-mobilisent-des-millions-de-personnes-dans-les-rues\/","title":{"rendered":"Caravanes de fin de campagne : Ouattara et le RHDP mobilisent des millions de personnes dans les rues"},"content":{"rendered":"<p><em><strong>D\u00e9monstration nationale de <a href=\"https:\/\/www.lintelligentdabidjan.info\/news\/decryptage-de-la-sortie-de-laurent-gbagbo-sur-lelection-du-25-octobre-2025\/\" target=\"_blank\" rel=\"noopener\">mobilisation<\/a>. Ce jeudi 23 octobre 2025, \u00e0 deux jours du scrutin pr\u00e9sidentiel du 25 octobre 2025, des caravanes de fin de campagne du candidat Alassane Ouattara et du Rassemblement des houphou\u00ebtistes pour la d\u00e9mocratie et la paix (RHDP) ont rassembl\u00e9, selon les organisateurs, cinq millions de personnes \u00e0 travers le pays, dont plus de deux millions \u00e0 Abidjan. L\u2019\u00e9v\u00e9nement, qualifi\u00e9 de \u00ab caravane nationale de la victoire \u00bb, a \u00e9t\u00e9 con\u00e7u comme une op\u00e9ration de proximit\u00e9 et de c\u00e9l\u00e9bration populaire, pour marquer la cl\u00f4ture d\u2019une campagne sous le signe de la paix, de la coh\u00e9sion et de la participation citoyenne effective.<\/strong><\/em><\/p>\n<p>Cette initiative visait \u00e0 remercier les militants et sympathisants,et \u00e0 donner une ultime impulsion au mouvement de mobilisation entam\u00e9 plusieurs jours auparavant. Ainsi \u00e0 travers les rues de la capitale \u00e9conomique et les grandes villes de l\u2019int\u00e9rieur, les cort\u00e8ges ont d\u00e9fil\u00e9 dans une ambiance festive et chaleureuse , m\u00ealant slogans, chants, couleurs du parti, et images du candidat Alassane Ouattara.<\/p>\n<h2><strong>Abidjan : nord et sud unis \u00e0 la Place de la R\u00e9publique<\/strong><\/h2>\n<p>\u00c0 Abidjan, la caravane a \u00e9t\u00e9 scind\u00e9e en deux grands parcours \u2014 Abidjan Nord et Abidjan Sud \u2014 avant de converger vers la Place de la R\u00e9publique, point d\u2019unit\u00e9 et de c\u00e9l\u00e9bration finale.<\/p>\n<p>Le parcours Abidjan Nord a d\u00e9marr\u00e9 \u00e0 la Place de la Mairie d\u2019Abobo, symbole de la ferveur militante du nord de la capitale, sous la conduite de la ministre d\u2019\u00c9tat Kandia Camara. Le cort\u00e8ge a ensuite travers\u00e9 la casse d\u2019Adjam\u00e9, l\u2019autoroute de Yopougon, avant une \u00e9tape \u00e0 l\u2019Espace Figayo, o\u00f9 le pr\u00e9sident de l\u2019Assembl\u00e9e nationale Adama Bictogo a rejoint la caravane, salu\u00e9 par un public enthousiaste. La progression s\u2019est poursuivie vers le commissariat du 16\u1d49 arrondissement, le quatri\u00e8me pont, puis Adjam\u00e9 Ind\u00e9ni\u00e9, avant de longer le boulevard lagunaire du Plateau jusqu\u2019\u00e0 la Place de la R\u00e9publique.<br \/>\nTout au long du parcours, la population, mass\u00e9e sur les trottoirs, a salu\u00e9 le cort\u00e8ge au son des tambours, des klaxons et des slogans pour rythmer cette derni\u00e8re d\u00e9monstration de mobilisation.<\/p>\n<p>De son c\u00f4t\u00e9, la caravane Abidjan Sud est partie du parking du Parc des Expositions d\u2019Abidjan, la supervision du ministre,gouverneur du District autonome d\u2019Abidjan, Ciss\u00e9 Ibrahima Bacongo. Le cort\u00e8ge a travers\u00e9 successivement le rond-point Akwaba, les grands carrefours de Koumassi, Marcory, Solibra et IVOSEP, avant de marquer un court arr\u00eat symbolique \u00e0 la gare de Bassam. La Premi\u00e8re Dame a rejoint la caravane, qui s&#8217;est dirig\u00e9e vers la Place de la R\u00e9publique, point de convergence avec le cort\u00e8ge du Nord.<\/p>\n<blockquote><p>un climat paisible<\/p><\/blockquote>\n<h3><strong>Une organisation millim\u00e9tr\u00e9e et sans paralysie urbaine<\/strong><\/h3>\n<p>Malgr\u00e9 l\u2019ampleur de l\u2019\u00e9v\u00e9nement et des populations sorties, la caravane s\u2019est d\u00e9roul\u00e9e sans perturber de mani\u00e8re significative la vie \u00e9conomique et sociale de la capitale. Seul un pont sur les cinq de la capitale et sur les deux rives de la lagune a \u00e9t\u00e9 isol\u00e9 temporairement pour s\u00e9curiser le passage du cort\u00e8ge. L\u2019activit\u00e9 commerciale et la circulation se sont poursuivies, bien que ralenties par des l&#8217;amplification ponctuelle des embouteillages habituels de la ville d&#8217;Abidjan.<\/p>\n<p>Les \u00e9quipes logistiques et les forces de s\u00e9curit\u00e9 ont coordonn\u00e9 leurs efforts pour maintenir l\u2019ordre et la s\u00e9curit\u00e9 tout au long du parcours, permettant \u00e0 l\u2019\u00e9v\u00e9nement de se d\u00e9rouler dans un climat paisible, enthousiaste et ma\u00eetris\u00e9.<\/p>\n<p>Les organisateurs insistent sur la symbolique de cette ma\u00eetrise logistique : selon eux, il s\u2019agissait de d\u00e9montrer qu\u2019une mobilisation populaire massive peut s\u2019accompagner de discipline et de respect de l\u2019ordre public, signe de la maturit\u00e9 politique acquise par les partisans du parti pr\u00e9sidentiel, RHDP.<\/p>\n<h4><strong>Un concert final plac\u00e9 sous le signe de la c\u00e9l\u00e9bration<\/strong><\/h4>\n<p>La Place de la R\u00e9publique a accueilli dans la foul\u00e9e , en fin d\u2019apr\u00e8s-midi, le concert de cl\u00f4ture de la campagne, con\u00e7u comme un grand moment d\u2019unit\u00e9 nationale.<\/p>\n<p>Au-del\u00e0 de l\u2019aspect festif, la caravane et le concert final visaient \u00e0 transmettre un message clair : celui d\u2019une mobilisation nationale sans exclusion, transcendant les appartenances r\u00e9gionales. Selon <a href=\"https:\/\/www.aip.ci\/267974\/cote-divoire-aip-presidentielle-2025-mobilisation-generale-autour-dalassane-ouattara-pour-un-coup-k-o-des-le-premier-tour\/?utm_source=rss&amp;utm_medium=rss&amp;utm_campaign=cote-divoire-aip-presidentielle-2025-mobilisation-generale-autour-dalassane-ouattara-pour-un-coup-k-o-des-le-premier-tour&amp;amp=1\" target=\"_blank\" rel=\"noopener\">les responsables du RHDP,<\/a> m\u00eame si les millions de participants dans le pays n\u2019\u00e9taient pas tous forc\u00e9ment des \u00e9lecteurs inscrits, ils repr\u00e9sentent n\u00e9anmoins la diversit\u00e9 du pays et le soutien d\u2019une majorit\u00e9 d\u2019Ivoiriens et d&#8217;ivoiriennes majeur.e.s, t\u00e9moignant d\u2019un attachement collectif \u00e0 la stabilit\u00e9 et \u00e0 la continuit\u00e9.<\/p>\n<p>Pour eux, cette d\u00e9monstration de force illustre l\u2019adh\u00e9sion \u00e0 un projet de soci\u00e9t\u00e9 fond\u00e9 sur la paix, la prosp\u00e9rit\u00e9 partag\u00e9e et le d\u00e9veloppement, dans un contexte \u00e9lectoral o\u00f9 stabilit\u00e9, la coh\u00e9sion et une participation massive sont pr\u00e9sent\u00e9es comme les cl\u00e9s de la victoire.<\/p>\n<p><strong>Charles Kouassi<\/strong><\/p>\n","protected":false},"excerpt":{"rendered":"<p>D\u00e9monstration nationale de mobilisation. Ce jeudi 23 octobre 2025, \u00e0 deux jours du scrutin pr\u00e9sidentiel du 25 octobre 2025, des caravanes de fin de campagne du candidat Alassane Ouattara et du Rassemblement des houphou\u00ebtistes pour la d\u00e9mocratie et la paix (RHDP) ont rassembl\u00e9, selon les organisateurs, cinq millions de personnes \u00e0 travers le pays, dont [&hellip;]<\/p>\n","protected":false},"author":4,"featured_media":40800,"comment_status":"closed","ping_status":"closed","sticky":false,"template":"","format":"standard","meta":{"_monsterinsights_skip_tracking":false,"_monsterinsights_sitenote_active":false,"_monsterinsights_sitenote_note":"","_monsterinsights_sitenote_category":0,"footnotes":""},"categories":[2,17],"tags":[6327,661,34,6328],"class_list":["post-40799","post","type-post","status-publish","format-standard","has-post-thumbnail","hentry","category-featured","category-politique","tag-caravanes-de-fin-de-campagne","tag-le-rhdp","tag-ouattara","tag-rues"],"_links":{"self":[{"href":"https:\/\/www.lintelligentdabidjan.info\/news\/wp-json\/wp\/v2\/posts\/40799","targetHints":{"allow":["GET"]}}],"collection":[{"href":"https:\/\/www.lintelligentdabidjan.info\/news\/wp-json\/wp\/v2\/posts"}],"about":[{"href":"https:\/\/www.lintelligentdabidjan.info\/news\/wp-json\/wp\/v2\/types\/post"}],"author":[{"embeddable":true,"href":"https:\/\/www.lintelligentdabidjan.info\/news\/wp-json\/wp\/v2\/users\/4"}],"replies":[{"embeddable":true,"href":"https:\/\/www.lintelligentdabidjan.info\/news\/wp-json\/wp\/v2\/comments?post=40799"}],"version-history":[{"count":1,"href":"https:\/\/www.lintelligentdabidjan.info\/news\/wp-json\/wp\/v2\/posts\/40799\/revisions"}],"predecessor-version":[{"id":40801,"href":"https:\/\/www.lintelligentdabidjan.info\/news\/wp-json\/wp\/v2\/posts\/40799\/revisions\/40801"}],"wp:featuredmedia":[{"embeddable":true,"href":"https:\/\/www.lintelligentdabidjan.info\/news\/wp-json\/wp\/v2\/media\/40800"}],"wp:attachment":[{"href":"https:\/\/www.lintelligentdabidjan.info\/news\/wp-json\/wp\/v2\/media?parent=40799"}],"wp:term":[{"taxonomy":"category","embeddable":true,"href":"https:\/\/www.lintelligentdabidjan.info\/news\/wp-json\/wp\/v2\/categories?post=40799"},{"taxonomy":"post_tag","embeddable":true,"href":"https:\/\/www.lintelligentdabidjan.info\/news\/wp-json\/wp\/v2\/tags?post=40799"}],"curies":[{"name":"wp","href":"https:\/\/api.w.org\/{rel}","templated":true}]}}