{"id":4085,"date":"2017-05-11T10:46:57","date_gmt":"2017-05-11T08:46:57","guid":{"rendered":"http:\/\/www.lintelligentdabidjan.info\/news\/?p=4085"},"modified":"2017-05-11T10:48:21","modified_gmt":"2017-05-11T08:48:21","slug":"emergence-a-lhorizon-2020-la-jeunesse-dabobo-sensibilise-les-jeunes","status":"publish","type":"post","link":"https:\/\/www.lintelligentdabidjan.info\/news\/emergence-a-lhorizon-2020-la-jeunesse-dabobo-sensibilise-les-jeunes\/","title":{"rendered":"\u00c9mergence \u00e0 l\u2019horizon 2020 : La jeunesse d\u2019Abobo sensibilise les jeunes"},"content":{"rendered":"<p>Le pr\u00e9sident-fondateur du mouvement \u2018\u2019Posach\u00e9\u2019\u2019, Leroy Taleb, a annonc\u00e9 le lundi 8 mai 2017, une marche pacifique qui aura lieu le 27 mai prochain \u00e0 Abobo-Samank\u00e9. <!--more-->Cette marche, selon lui, a pour but d\u2019amener les jeunes \u00e0 poser des actions dans le sens de l\u2019\u00e9mergence de la C\u00f4te d\u2019Ivoire \u00e0 l\u2019horizon 2020. Puis, il a pr\u00e9cis\u00e9 que le mouvement est une renaissance africaine ayant pour but de p\u00e9renniser la paix en Afrique et faire r\u00e9v\u00e9ler \u00e0 chacun ses capacit\u00e9s.\u00a0 C\u2019est pourquoi, dit-il, le mouvement a pour slogan \u2018\u2019Tranquillit\u00e9- S\u00e9r\u00e9nit\u00e9- Harmonie pour l\u2019Afrique\u2019\u2019. Il a indiqu\u00e9 que son objectif est de faire \u00e9voluer les m\u0153urs et les mentalit\u00e9s de la population ivoirienne surtout celles de la jeunesse d\u2019Abobo. Il a exprim\u00e9 sa volont\u00e9 d\u2019aider les autres et la priorit\u00e9 pour lui est de faire comprendre \u00e0 la plupart des \u00eatres humains\u00a0\u00a0 que nous ne sommes qu\u2019un sur cette terre, et il faut pr\u00f4ner l\u2019amour partout.\u00a0 Et d\u2019ajouter : \u00ab Je me tourne \u00e0 pr\u00e9sent vers les structures de jeunesse de la commune d\u2019Abobo pour leur rappeler que le d\u00e9fi et les enjeux de mise en \u0153uvre de ce mouvement sont consid\u00e9rables, tant du point de vue de la bonne gouvernance, du respect des proc\u00e9dures instaur\u00e9es par les autorit\u00e9s ivoiriennes. Nous devrons ensemble veiller scrupuleusement \u00e0 faire en sorte d\u2019\u00e9viter tout blocage qui pourrait contrarier la mise en \u0153uvre de l\u2019objectif. Quant \u00e0 la jeunesse d\u2019Abobo, il lui appartient donc de saisir l\u2019occasion pour conjuguer ses efforts en vue d\u2019obtenir un impact cons\u00e9quent et satisfaisant de nos actions. \u00bb<\/p>\n<p>O.D avec T.Z<\/p>\n","protected":false},"excerpt":{"rendered":"<p>Le pr\u00e9sident-fondateur du mouvement \u2018\u2019Posach\u00e9\u2019\u2019, Leroy Taleb, a annonc\u00e9 le lundi 8 mai 2017, une marche pacifique qui aura lieu le 27 mai prochain \u00e0 Abobo-Samank\u00e9.<\/p>\n","protected":false},"author":2,"featured_media":0,"comment_status":"closed","ping_status":"closed","sticky":false,"template":"","format":"standard","meta":{"_monsterinsights_skip_tracking":false,"_monsterinsights_sitenote_active":false,"_monsterinsights_sitenote_note":"","_monsterinsights_sitenote_category":0,"footnotes":""},"categories":[1,3],"tags":[],"class_list":["post-4085","post","type-post","status-publish","format-standard","hentry","category-actualites","category-societe"],"_links":{"self":[{"href":"https:\/\/www.lintelligentdabidjan.info\/news\/wp-json\/wp\/v2\/posts\/4085","targetHints":{"allow":["GET"]}}],"collection":[{"href":"https:\/\/www.lintelligentdabidjan.info\/news\/wp-json\/wp\/v2\/posts"}],"about":[{"href":"https:\/\/www.lintelligentdabidjan.info\/news\/wp-json\/wp\/v2\/types\/post"}],"author":[{"embeddable":true,"href":"https:\/\/www.lintelligentdabidjan.info\/news\/wp-json\/wp\/v2\/users\/2"}],"replies":[{"embeddable":true,"href":"https:\/\/www.lintelligentdabidjan.info\/news\/wp-json\/wp\/v2\/comments?post=4085"}],"version-history":[{"count":1,"href":"https:\/\/www.lintelligentdabidjan.info\/news\/wp-json\/wp\/v2\/posts\/4085\/revisions"}],"predecessor-version":[{"id":4086,"href":"https:\/\/www.lintelligentdabidjan.info\/news\/wp-json\/wp\/v2\/posts\/4085\/revisions\/4086"}],"wp:attachment":[{"href":"https:\/\/www.lintelligentdabidjan.info\/news\/wp-json\/wp\/v2\/media?parent=4085"}],"wp:term":[{"taxonomy":"category","embeddable":true,"href":"https:\/\/www.lintelligentdabidjan.info\/news\/wp-json\/wp\/v2\/categories?post=4085"},{"taxonomy":"post_tag","embeddable":true,"href":"https:\/\/www.lintelligentdabidjan.info\/news\/wp-json\/wp\/v2\/tags?post=4085"}],"curies":[{"name":"wp","href":"https:\/\/api.w.org\/{rel}","templated":true}]}}