{"id":40871,"date":"2025-10-25T19:21:14","date_gmt":"2025-10-25T17:21:14","guid":{"rendered":"https:\/\/www.lintelligentdabidjan.info\/news\/?p=40871"},"modified":"2025-10-25T19:21:14","modified_gmt":"2025-10-25T17:21:14","slug":"wagner-au-mali-les-revelations-sans-filtre-danciens-mercenaires-russes","status":"publish","type":"post","link":"https:\/\/www.lintelligentdabidjan.info\/news\/wagner-au-mali-les-revelations-sans-filtre-danciens-mercenaires-russes\/","title":{"rendered":"Wagner au Mali : les r\u00e9v\u00e9lations sans filtre d&#8217;anciens mercenaires russes"},"content":{"rendered":"<p><em><strong>La diffusion d\u2019une interview de 2 heures 40 minutes, dans laquelle neuf anciens mercenaires de Wagner critiquent violemment les Forces Arm\u00e9es Maliennes (FAMa), relance le d\u00e9bat sur la pr\u00e9sence russe au Mali. Arriv\u00e9s en fin 2021, les mercenaires de Wagner ont officiellement quitt\u00e9 le pays en juin 2025, remplac\u00e9s par l\u2019Africa Corps. Les exactions commises par Wagner et les tensions avec les forces maliennes soul\u00e8vent des questions sur la nature r\u00e9elle de ce partenariat.<\/strong><\/em><\/p>\n<p><strong>Un \u00e9chec militaire cuisant : \u00e0 qui la faute ?<\/strong><\/p>\n<p>Wagner a \u00e9t\u00e9 sollicit\u00e9 par les autorit\u00e9s maliennes fin 2021, alors que les forces fran\u00e7aises quittaient le pays. Officiellement d\u00e9ploy\u00e9 en janvier 2022, le groupe a quitt\u00e9 le Mali en juin 2025, remplac\u00e9 par l\u2019Africa Corps, une force paramilitaire contr\u00f4l\u00e9e par le Kremlin et compos\u00e9e \u00e0 70-80% d\u2019anciens membres de Wagner.<\/p>\n<p>Depuis leur arriv\u00e9e, le partenariat russo-malien fait face \u00e0 des difficult\u00e9s constantes avec la progression des groupes arm\u00e9s terroristes. La bataille de Tinzaouat\u00e8ne en juillet 2024 en est le parfait exemple avec un bilan tr\u00e8s lourd. Ces combats ont co\u00fbt\u00e9 la vie \u00e0 une cinquantaine de soldats maliens et \u00e0 plus de 80 mercenaires russes, sans compter les bless\u00e9s et les pertes mat\u00e9rielles. Cette d\u00e9faite a port\u00e9 un coup dur \u00e0 la r\u00e9putation de Wagner sur le continent africain.<\/p>\n<blockquote><p>manque de professionnalisme<\/p><\/blockquote>\n<p>&nbsp;<\/p>\n<p>Apr\u00e8s la d\u00e9b\u00e2cle de Tinzaouat\u00e8ne, les mercenaires ont reproch\u00e9 aux forces maliennes de ne pas fournir le carburant n\u00e9cessaire pour rapatrier leurs corps, accusant Bamako de \u00abmanque de professionnalisme\u00bb et d\u2019un manque de discr\u00e9tion probl\u00e9matique, les soldats maliens publiant m\u00eame leurs positions sur les r\u00e9seaux sociaux.<\/p>\n<p>Ces reproches ont nourri une discorde croissante entre les deux camps, visible lors de la r\u00e9cup\u00e9ration des corps des combattants tomb\u00e9s.<\/p>\n<p><strong>Quand les actes et les paroles s\u2019accordent<\/strong><\/p>\n<p>Si la bataille de Tinzaouat\u00e8ne semble avoir \u00e9t\u00e9 un tournant dans les relations entre les forces russes et maliennes, le comportement de la SMP n\u2019a fait qu\u2019alimenter ce ressentiment.<\/p>\n<p>Les exactions attribu\u00e9es \u00e0 Wagner se sont intensifi\u00e9es : selon l\u2019ONG Acled, 866 civils ont \u00e9t\u00e9 tu\u00e9s en 2024 par Wagner et l\u2019arm\u00e9e malienne, lors de 215 \u00abincidents\u00bb, contre 78 d\u00e9c\u00e8s de civils lors de 39 \u00abincidents\u00bb en 2021, avant leur arriv\u00e9e. Le cas le plus embl\u00e9matique est celui de Moura, en 2022, o\u00f9 plus de 500 personnes ont \u00e9t\u00e9 tu\u00e9es par l\u2019arm\u00e9e malienne et Wagner.<\/p>\n<p>La question du mat\u00e9riel est \u00e9galement devenu un sujet sensible entre les deux \u00abpartenaires\u00bb. Le d\u00e9tournement d\u2019armes maliennes par les mercenaires a \u00e9t\u00e9 document\u00e9 par l&#8217;ONG GI-TOC (Global Initiative against Transnational Organized Crime) : les combattants de Wagner se sont appropri\u00e9s des mitrailleuses, v\u00e9hicules blind\u00e9s et drones initialement destin\u00e9s aux forces arm\u00e9es maliennes. Ce vol d\u2019\u00e9quipement a \u00e9t\u00e9 facilit\u00e9 par le paiement mensuel de 10 millions de dollars fourni par Bamako, mais les mercenaires ont aussi \u00absaisi les armes lors des affrontements\u00bb et \u00abvol\u00e9 dans les stocks officiels\u00bb.<\/p>\n<blockquote><p>Les soldats maliens y sont qualifi\u00e9s de \u00abpeureux\u00bb<\/p><\/blockquote>\n<p>&nbsp;<\/p>\n<p>Cette relation d\u00e9j\u00e0 oppressante est aggrav\u00e9e par l\u2019image que les Russes ont de leurs partenaires et qu\u2019ils n\u2019h\u00e9sitent pas \u00e0 partager. Les t\u00e9moignages vid\u00e9o des anciens mercenaires, diffus\u00e9s dans l\u2019interview de 2 heures 40, sont truff\u00e9s d\u2019insultes envers les forces maliennes. Les soldats maliens y sont qualifi\u00e9s de \u00abpeureux\u00bb, \u00abincomp\u00e9tents\u00bb et \u00abvoleurs\u00bb, tandis qu\u2019ils se plaignent aussi de leur \u00abmanque de professionnalisme\u00bb. Ces propos r\u00e9v\u00e8lent une image n\u00e9gative, profond\u00e9ment ancr\u00e9e chez les mercenaires russes, consid\u00e9rant les forces maliennes comme incapables de mener la guerre.<\/p>\n<p>Le rapport de The Sentry d\u00e9montre \u00e9galement les diff\u00e9rences de traitements entre les Russes et les Maliens. Les mercenaires re\u00e7oivent des salaires nettement plus \u00e9lev\u00e9s, sont prioritaires pour les \u00e9vacuations m\u00e9dicales et la livraison de mat\u00e9riel, ce qui conduit les soldats maliens \u00e0 se sentir frustr\u00e9s et marginalis\u00e9s.<\/p>\n<p>Ces in\u00e9galit\u00e9s renforcent les tensions et confirment que le partenariat n\u2019a jamais \u00e9t\u00e9 \u00e9galitaire. Il repose sur une milice russe profitant des ressources et de la main-d\u2019\u0153uvre locale sans r\u00e9elle coop\u00e9ration strat\u00e9gique.<\/p>\n<p><strong>Constantine<\/strong><\/p>\n","protected":false},"excerpt":{"rendered":"<p>La diffusion d\u2019une interview de 2 heures 40 minutes, dans laquelle neuf anciens mercenaires de Wagner critiquent violemment les Forces Arm\u00e9es Maliennes (FAMa), relance le d\u00e9bat sur la pr\u00e9sence russe au Mali. Arriv\u00e9s en fin 2021, les mercenaires de Wagner ont officiellement quitt\u00e9 le pays en juin 2025, remplac\u00e9s par l\u2019Africa Corps. Les exactions commises [&hellip;]<\/p>\n","protected":false},"author":4,"featured_media":40874,"comment_status":"closed","ping_status":"closed","sticky":false,"template":"","format":"standard","meta":{"_monsterinsights_skip_tracking":false,"_monsterinsights_sitenote_active":false,"_monsterinsights_sitenote_note":"","_monsterinsights_sitenote_category":0,"footnotes":""},"categories":[2,17],"tags":[6352,6351],"class_list":["post-40871","post","type-post","status-publish","format-standard","has-post-thumbnail","hentry","category-featured","category-politique","tag-les-revelations","tag-wagner-au-mali"],"_links":{"self":[{"href":"https:\/\/www.lintelligentdabidjan.info\/news\/wp-json\/wp\/v2\/posts\/40871","targetHints":{"allow":["GET"]}}],"collection":[{"href":"https:\/\/www.lintelligentdabidjan.info\/news\/wp-json\/wp\/v2\/posts"}],"about":[{"href":"https:\/\/www.lintelligentdabidjan.info\/news\/wp-json\/wp\/v2\/types\/post"}],"author":[{"embeddable":true,"href":"https:\/\/www.lintelligentdabidjan.info\/news\/wp-json\/wp\/v2\/users\/4"}],"replies":[{"embeddable":true,"href":"https:\/\/www.lintelligentdabidjan.info\/news\/wp-json\/wp\/v2\/comments?post=40871"}],"version-history":[{"count":1,"href":"https:\/\/www.lintelligentdabidjan.info\/news\/wp-json\/wp\/v2\/posts\/40871\/revisions"}],"predecessor-version":[{"id":40877,"href":"https:\/\/www.lintelligentdabidjan.info\/news\/wp-json\/wp\/v2\/posts\/40871\/revisions\/40877"}],"wp:featuredmedia":[{"embeddable":true,"href":"https:\/\/www.lintelligentdabidjan.info\/news\/wp-json\/wp\/v2\/media\/40874"}],"wp:attachment":[{"href":"https:\/\/www.lintelligentdabidjan.info\/news\/wp-json\/wp\/v2\/media?parent=40871"}],"wp:term":[{"taxonomy":"category","embeddable":true,"href":"https:\/\/www.lintelligentdabidjan.info\/news\/wp-json\/wp\/v2\/categories?post=40871"},{"taxonomy":"post_tag","embeddable":true,"href":"https:\/\/www.lintelligentdabidjan.info\/news\/wp-json\/wp\/v2\/tags?post=40871"}],"curies":[{"name":"wp","href":"https:\/\/api.w.org\/{rel}","templated":true}]}}