{"id":40894,"date":"2025-10-25T20:07:39","date_gmt":"2025-10-25T18:07:39","guid":{"rendered":"https:\/\/www.lintelligentdabidjan.info\/news\/?p=40894"},"modified":"2025-10-25T20:07:39","modified_gmt":"2025-10-25T18:07:39","slug":"bouake-presidentielle-2025-amadou-kone-salue-la-forte-affluence-des-electeurs-dans-les-urnes","status":"publish","type":"post","link":"https:\/\/www.lintelligentdabidjan.info\/news\/bouake-presidentielle-2025-amadou-kone-salue-la-forte-affluence-des-electeurs-dans-les-urnes\/","title":{"rendered":"Bouak\u00e9 \u2013 Pr\u00e9sidentielle 2025 : Amadou Kon\u00e9 salue la forte affluence des \u00e9lecteurs dans les urnes"},"content":{"rendered":"<p>Le ministre des Transports, Amadou Kon\u00e9, par ailleurs maire de Bouak\u00e9 et directeur r\u00e9gional de campagne du RHDP pour la r\u00e9gion politique de Bouak\u00e9, a accompli son devoir civique le samedi 25 octobre 2025, aux environs de 9 heures, \u00e0 l\u2019\u00e9cole primaire publique de Oual\u00e8bo, dans le quartier Beaufort de Bouak\u00e9.<\/p>\n<p>\u00c0 sa sortie des urnes, le ministre s\u2019est dit satisfait de la mobilisation observ\u00e9e dans les diff\u00e9rents centres de vote de la capitale du Gb\u00eak\u00ea. \u00ab <em>Je note, dans les bureaux de vote que j\u2019ai visit\u00e9s ce matin, une forte affluence des \u00e9lecteurs. C\u2019est une belle mobilisation. J\u2019invite ceux qui ne sont pas encore venus \u00e0 le faire. Le vote se poursuit jusqu\u2019\u00e0 18 heures. Je voudrais f\u00e9liciter tout le monde et me r\u00e9jouir de cette belle ambiance qui r\u00e8gne ici \u00e0 Bouak\u00e9 et dans l\u2019ensemble des lieux de vote<\/em> \u00bb, a-t-il d\u00e9clar\u00e9.<\/p>\n<p>Poursuivant, le ministre Amadou Kon\u00e9 a exprim\u00e9 sa confiance quant au bon d\u00e9roulement du scrutin. \u00ab <em>Je reste confiant que ces \u00e9lections se d\u00e9rouleront dans le calme et la transparence, afin que les Ivoiriens puissent, aux c\u00f4t\u00e9s du candidat de leur choix, b\u00e2tir ensemble une nation unie, fraternelle et coh\u00e9sive. Une grande nation o\u00f9 chaque fils et fille de ce pays devra contribuer, au cours des cinq prochaines ann\u00e9es, \u00e0 la poursuite du d\u00e9veloppement que nous constatons aujourd\u2019hui<\/em> \u00bb, a-t-il indiqu\u00e9.<\/p>\n<p>Enfin, le premier magistrat de la commune de Bouak\u00e9 a lanc\u00e9 un appel \u00e0 la paix et \u00e0 la coh\u00e9sion \u00e0 l\u2019endroit des diff\u00e9rents camps politiques apr\u00e8s la proclamation des r\u00e9sultats.<br \/>\n\u00ab <em>Je demande \u00e0 tous les partisans des diff\u00e9rents candidats de pr\u00e9server cette coh\u00e9sion et de c\u00e9l\u00e9b<\/em>rer <em>ensemble la C\u00f4te d\u2019Ivoire et la R\u00e9publique, dans un esprit de fraternit\u00e9 et de paix \u00bb<\/em>, a-t-il exhort\u00e9.<\/p>\n<p>Nambac\u00e9r\u00e9 Jo\u00ebl<\/p>\n","protected":false},"excerpt":{"rendered":"<p>Le ministre des Transports, Amadou Kon\u00e9, par ailleurs maire de Bouak\u00e9 et directeur r\u00e9gional de campagne du RHDP pour la r\u00e9gion politique de Bouak\u00e9, a accompli son devoir civique le samedi 25 octobre 2025, aux environs de 9 heures, \u00e0 l\u2019\u00e9cole primaire publique de Oual\u00e8bo, dans le quartier Beaufort de Bouak\u00e9. \u00c0 sa sortie des [&hellip;]<\/p>\n","protected":false},"author":4,"featured_media":40895,"comment_status":"closed","ping_status":"closed","sticky":false,"template":"","format":"standard","meta":{"_monsterinsights_skip_tracking":false,"_monsterinsights_sitenote_active":false,"_monsterinsights_sitenote_note":"","_monsterinsights_sitenote_category":0,"footnotes":""},"categories":[2,17],"tags":[],"class_list":["post-40894","post","type-post","status-publish","format-standard","has-post-thumbnail","hentry","category-featured","category-politique"],"_links":{"self":[{"href":"https:\/\/www.lintelligentdabidjan.info\/news\/wp-json\/wp\/v2\/posts\/40894","targetHints":{"allow":["GET"]}}],"collection":[{"href":"https:\/\/www.lintelligentdabidjan.info\/news\/wp-json\/wp\/v2\/posts"}],"about":[{"href":"https:\/\/www.lintelligentdabidjan.info\/news\/wp-json\/wp\/v2\/types\/post"}],"author":[{"embeddable":true,"href":"https:\/\/www.lintelligentdabidjan.info\/news\/wp-json\/wp\/v2\/users\/4"}],"replies":[{"embeddable":true,"href":"https:\/\/www.lintelligentdabidjan.info\/news\/wp-json\/wp\/v2\/comments?post=40894"}],"version-history":[{"count":1,"href":"https:\/\/www.lintelligentdabidjan.info\/news\/wp-json\/wp\/v2\/posts\/40894\/revisions"}],"predecessor-version":[{"id":40896,"href":"https:\/\/www.lintelligentdabidjan.info\/news\/wp-json\/wp\/v2\/posts\/40894\/revisions\/40896"}],"wp:featuredmedia":[{"embeddable":true,"href":"https:\/\/www.lintelligentdabidjan.info\/news\/wp-json\/wp\/v2\/media\/40895"}],"wp:attachment":[{"href":"https:\/\/www.lintelligentdabidjan.info\/news\/wp-json\/wp\/v2\/media?parent=40894"}],"wp:term":[{"taxonomy":"category","embeddable":true,"href":"https:\/\/www.lintelligentdabidjan.info\/news\/wp-json\/wp\/v2\/categories?post=40894"},{"taxonomy":"post_tag","embeddable":true,"href":"https:\/\/www.lintelligentdabidjan.info\/news\/wp-json\/wp\/v2\/tags?post=40894"}],"curies":[{"name":"wp","href":"https:\/\/api.w.org\/{rel}","templated":true}]}}