{"id":40916,"date":"2025-10-27T06:12:54","date_gmt":"2025-10-27T05:12:54","guid":{"rendered":"https:\/\/www.lintelligentdabidjan.info\/news\/?p=40916"},"modified":"2025-10-27T06:13:17","modified_gmt":"2025-10-27T05:13:17","slug":"presidentielle-du-25-octobre-2025-la-societe-civile-lafricanisme-appelle-a-la-vigilance-et-au-maintien-de-la-paix","status":"publish","type":"post","link":"https:\/\/www.lintelligentdabidjan.info\/news\/presidentielle-du-25-octobre-2025-la-societe-civile-lafricanisme-appelle-a-la-vigilance-et-au-maintien-de-la-paix\/","title":{"rendered":"Pr\u00e9sidentielle du 25 octobre 2025:  La Soci\u00e9t\u00e9 civile\u00a0  L\u2019Africanisme appelle \u00e0 la vigilance et au maintien de la paix\u00a0"},"content":{"rendered":"<p><em><strong>Au lendemain du scrutin pr\u00e9sidentiel du 25 octobre 2025, la Soci\u00e9t\u00e9 civile L\u2019Africanisme salue la maturit\u00e9 du peuple ivoirien et la tenue <a href=\"https:\/\/www.lintelligentdabidjan.info\/news\/declaration-de-la-societe-civile-lafricanisme-sur-la-situation-au-nord-kivu-en-rdc\/\" target=\"_blank\" rel=\"noopener\">pacifique<\/a> du vote sur l\u2019ensemble du territoire national. Tout en f\u00e9licitant la CEI et les forces de s\u00e9curit\u00e9 pour leur professionnalisme, elle appelle \u00e0 maintenir le climat de paix et de responsabilit\u00e9.<\/strong><\/em><\/p>\n<p>La soci\u00e9t\u00e9 civile L\u2019Africanisme, engag\u00e9e dans la promotion de la d\u00e9mocratie participative et la consolidation de la paix, salue la tenue effective et le bon d\u00e9roulement du scrutin pr\u00e9sidentiel de ce samedi 25 octobre 2025, en C\u00f4te d&#8217;Ivoire et dans les circonscriptions \u00e9lectorales de l&#8217;\u00e9tranger concern\u00e9es.<\/p>\n<p>Elle f\u00e9licite le peuple ivoirien pour sa maturit\u00e9 civique, son attachement aux valeurs d\u00e9mocratiques et le comportement exemplaire dont ont fait preuve les \u00e9lecteurs, ayant accompli leur devoir citoyen dans un esprit d\u2019ordre et de responsabilit\u00e9.<\/p>\n<p>La soci\u00e9t\u00e9 civile l&#8217;Africanisme exprime \u00e9galement sa reconnaissance aux forces de d\u00e9fense et de s\u00e9curit\u00e9, dont le professionnalisme a contribu\u00e9 au maintien d\u2019un climat apais\u00e9 tout au long du processus \u00e9lectoral, aux c\u00f4t\u00e9s des critiques et des contestations souvent violentes. Elle salue la disponibilit\u00e9 de la commission \u00e9lectorale ind\u00e9pendante, ainsi que le sens de responsabilit\u00e9 des acteurs politiques ivoiriens, en particulier les cinq candidats en comp\u00e9tition.<\/p>\n<blockquote><p>rapport final<\/p><\/blockquote>\n<p>&nbsp;<\/p>\n<p>Ayant not\u00e9 quelques incidents signal\u00e9s , et dans l&#8217;attente des statistiques officielles qu&#8217;elle confrontera \u00e0 ses propres relev\u00e9s , et dans l&#8217;attente de son rapport final , ainsi que de ses recommandations, <a href=\"https:\/\/www.lavenir.ci\/politique\/12870-la-societe-civile-lafricanisme-salue-le-deroulement-du-vote-presidentiel\" target=\"_blank\" rel=\"noopener\">la soci\u00e9t\u00e9 civile l\u2019Africanisme<\/a> renouvelle son appel \u00e0 la responsabilit\u00e9 et \u00e0 la vigilance de tous les acteurs socio politiques, pour le maintien d&#8217;un climat de paix durable.<\/p>\n<p>Dans l&#8217;attente, elle renouvelle ses f\u00e9licitations \u00e0 la CEI, et felicite ses observateurs pour leur professionnalisme, leur impartialit\u00e9 et leur d\u00e9vouement au service de la d\u00e9mocratie.<\/p>\n<p>&nbsp;<\/p>\n<p>&nbsp;<\/p>\n<p><strong>Fait \u00e0 Abidjan, le 25 Octobre 2025<\/strong><\/p>\n<p><strong>Pour la soci\u00e9t\u00e9 civile L\u2019Africanisme\u00a0<\/strong><\/p>\n<p><strong>Le secr\u00e9taire g\u00e9n\u00e9ral adjoint<\/strong><\/p>\n<p><strong>KON\u00c9 Boubacar.<\/strong><\/p>\n<p>&nbsp;<\/p>\n<p>&nbsp;<\/p>\n","protected":false},"excerpt":{"rendered":"<p>Au lendemain du scrutin pr\u00e9sidentiel du 25 octobre 2025, la Soci\u00e9t\u00e9 civile L\u2019Africanisme salue la maturit\u00e9 du peuple ivoirien et la tenue pacifique du vote sur l\u2019ensemble du territoire national. Tout en f\u00e9licitant la CEI et les forces de s\u00e9curit\u00e9 pour leur professionnalisme, elle appelle \u00e0 maintenir le climat de paix et de responsabilit\u00e9. La [&hellip;]<\/p>\n","protected":false},"author":4,"featured_media":40917,"comment_status":"closed","ping_status":"closed","sticky":false,"template":"","format":"standard","meta":{"_monsterinsights_skip_tracking":false,"_monsterinsights_sitenote_active":false,"_monsterinsights_sitenote_note":"","_monsterinsights_sitenote_category":0,"footnotes":""},"categories":[2,17],"tags":[6355,6354,6261],"class_list":["post-40916","post","type-post","status-publish","format-standard","has-post-thumbnail","hentry","category-featured","category-politique","tag-lafricanisme","tag-la-societe-civile","tag-presidentielle-du-25-octobre-2025"],"_links":{"self":[{"href":"https:\/\/www.lintelligentdabidjan.info\/news\/wp-json\/wp\/v2\/posts\/40916","targetHints":{"allow":["GET"]}}],"collection":[{"href":"https:\/\/www.lintelligentdabidjan.info\/news\/wp-json\/wp\/v2\/posts"}],"about":[{"href":"https:\/\/www.lintelligentdabidjan.info\/news\/wp-json\/wp\/v2\/types\/post"}],"author":[{"embeddable":true,"href":"https:\/\/www.lintelligentdabidjan.info\/news\/wp-json\/wp\/v2\/users\/4"}],"replies":[{"embeddable":true,"href":"https:\/\/www.lintelligentdabidjan.info\/news\/wp-json\/wp\/v2\/comments?post=40916"}],"version-history":[{"count":1,"href":"https:\/\/www.lintelligentdabidjan.info\/news\/wp-json\/wp\/v2\/posts\/40916\/revisions"}],"predecessor-version":[{"id":40918,"href":"https:\/\/www.lintelligentdabidjan.info\/news\/wp-json\/wp\/v2\/posts\/40916\/revisions\/40918"}],"wp:featuredmedia":[{"embeddable":true,"href":"https:\/\/www.lintelligentdabidjan.info\/news\/wp-json\/wp\/v2\/media\/40917"}],"wp:attachment":[{"href":"https:\/\/www.lintelligentdabidjan.info\/news\/wp-json\/wp\/v2\/media?parent=40916"}],"wp:term":[{"taxonomy":"category","embeddable":true,"href":"https:\/\/www.lintelligentdabidjan.info\/news\/wp-json\/wp\/v2\/categories?post=40916"},{"taxonomy":"post_tag","embeddable":true,"href":"https:\/\/www.lintelligentdabidjan.info\/news\/wp-json\/wp\/v2\/tags?post=40916"}],"curies":[{"name":"wp","href":"https:\/\/api.w.org\/{rel}","templated":true}]}}